{"id":39048,"date":"2020-11-01T11:11:19","date_gmt":"2020-11-01T11:11:19","guid":{"rendered":"http:\/\/diariodominicano.ddns.net\/?p=39048"},"modified":"2020-11-01T11:11:19","modified_gmt":"2020-11-01T11:11:19","slug":"bavaro-no-va","status":"publish","type":"post","link":"https:\/\/diariodominicano.com\/?p=39048","title":{"rendered":"B\u00c1VARO, NO VA&#8230;"},"content":{"rendered":"<p><body><\/p>\n<p><strong>B\u00c1VARO, NO VA&#8230;<\/strong><\/p>\n<p><strong>                                                                                                                                                                                                                                                        Por Narciso Isa<\/strong><\/p>\n<p>El Aeropuerto de B\u00e1varo no va, seg\u00fan dictamin\u00f3 el INSTITUTO DE AVIACI\u00d3N CIVIL-IDAC en armon\u00eda con los intereses generados por las alianzas predominantes entre este Gobierno y sus socios privados. Se argumenta que ese proyecto ser\u00eda \u00ablesivo al inter\u00e9s p\u00fablico\u00bb, y eso  no hay  que ponerlo en duda; aunque las razones de esa contrariedad pueden ser muy variadas y aunque esa prohibici\u00f3n parece obedecer solo a  una parte de las causas que afectan el inter\u00e9s p\u00fablico; mientras, en otros casos, se obvian otras razones, tan o m\u00e1s  v\u00e1lidas, para impedir que el capital privado se apropie de un \u00e1rea de tanto valor estrat\u00e9gico y tan relacionada con la seguridad nacional.<\/p>\n<\/p>\n<p>S\u00ed, se trata de un proyecto \u00ablesivo al inter\u00e9s p\u00fablico\u00bb. Pero sobretodo lesivo a los grandes intereses del Grupo Rainieri y espec\u00edficamente a su Aeropuerto Punta Cana. Con ese anuncio, esa gran mina de d\u00f3lares y euros, seguir\u00e1 siendo monopolio privado; aunque existen muchas razones para considerarla tambi\u00e9n \u00ablesiva al inter\u00e9s p\u00fablico\u00bb, en tanto concierne por igual a una vertiente de extraordinario valor estrat\u00e9gico e importancia crucial para la seguridad nacional, as\u00ed como a un negocio de alt\u00edsima rentabilidad.<\/p>\n<\/p>\n<p> Igual estatus tienen aeropuertos como La Romana y Portillo, y  puertos como el  Modal Caucedo, que por dem\u00e1s,  junto a la Terminal de Punta Cana, han exhibido  una enorme proclividad a favor de ciertos traficantes de \u00absustancias y mercanc\u00edas prohibidas\u00bb. Y ya veremos lo que le espera a este pa\u00eds con las pretendidas asociaciones p\u00fablico-privadas y la nueva ola de privatizaciones, que incluyen otros puertos y aeropuertos a remodelar o a construir en el contexto de un capitalismo globalmente gansterizado.<\/p>\n<\/p>\n<p>La tranquilidad lleg\u00f3 al Grupo Rainieri-Punta Cana, encabezado por el Zar del Turismo, quien a la vez es uno de los diez principales multimillonarios en d\u00f3lares de este pa\u00eds, seg\u00fan los reportes de la Revista Forbes. Su satisfacci\u00f3n es explicable y no cae del cielo. El Grupo Hazouri-Abrisa, su principal competencia en esa \u00abrep\u00fablica\u00bb dentro de la Rep\u00fablica, es poderoso pero no tanto, y lo que es peor: carece de la \u00abempat\u00eda\u00bb y las conexiones pol\u00edticas que tienen con el Presidente Abinader y su gobierno de multimillonarios, consorcios tan preeminentes como el de los Rainieri; por adem\u00e1s, el\u00e9ctricamente asociado al todopoderoso Grupo Vicini, ya con sede en el propio Palacio Nacional y en el mism\u00edsimo Ministerio de Turismo.<\/p>\n<\/p>\n<p>Resta, por ahora, decir que gobiernos integrados por multimillonarios, no solo les traen grandes calamidades a los pueblos, sino que tambi\u00e9n saben \u00abafueriar\u00bb y discriminar facciones empresariales pol\u00edticamente no afines, o no tan bien asociadas con los gerentes del Estado. (1-11-2020, Santo Domingo, RD)<\/p>\n<\/p>\n<p>Zona de los archivos adjuntos<\/p>\n<h6> 2020-11-01 11:11:19 <\/h6>\n<p><!--\n<link rel=\"stylesheet\" href=\"css\/bootstrap.min.css\">\n\n\n<ul class=\"pagination\">\n\t    \n\t\n\n<li >\n\t<a href='?page_no=23'>Previous<\/a>\n\t<\/li>\n\n\n       \n    \n\n<li><a href='?page_no=1'>1<\/a><\/li>\n\n\n\n<li><a href='?page_no=2'>2<\/a><\/li>\n\n\n\n<li><a>...<\/a><\/li>\n\n\n\n<li><a href='?page_no=22'>22<\/a><\/li>\n\n\n\n<li><a href='?page_no=23'>23<\/a><\/li>\n\n\n\n<li class='active'><a>24<\/a><\/li>\n\n\n\n<li><a href='?page_no=25'>25<\/a><\/li>\n\n\n\n<li><a href='?page_no=26'>26<\/a><\/li>\n\n\n\n<li><a>...<\/a><\/li>\n\n\n\n<li><a href='?page_no=13611'>13611<\/a><\/li>\n\n\n\n<li><a href='?page_no=13612'>13612<\/a><\/li>\n\n    \n\t\n\n<li >\n\t<a href='?page_no=25'>Next<\/a>\n\t<\/li>\n\n\n    \n\n<li><a href='?page_no=13612'>Last &rsaquo;&rsaquo;<\/a><\/li>\n\n<\/ul>\n\n\n--><br \/>\n<\/body><\/p>\n","protected":false},"excerpt":{"rendered":"<p>B\u00c1VARO, NO VA&#8230; Por Narciso Isa El Aeropuerto de B\u00e1varo no va, seg\u00fan dictamin\u00f3 el INSTITUTO DE AVIACI\u00d3N CIVIL-IDAC en armon\u00eda con los intereses generados por las alianzas predominantes entre este Gobierno y sus socios privados. Se argumenta que ese proyecto ser\u00eda \u00ablesivo al inter\u00e9s p\u00fablico\u00bb, y eso no hay que ponerlo en duda; aunque [&hellip;]<\/p>\n","protected":false},"author":3,"featured_media":0,"comment_status":"open","ping_status":"open","sticky":false,"template":"","format":"standard","meta":{"footnotes":""},"categories":[16],"tags":[],"class_list":["post-39048","post","type-post","status-publish","format-standard","hentry","category-opiniones"],"_links":{"self":[{"href":"https:\/\/diariodominicano.com\/index.php?rest_route=\/wp\/v2\/posts\/39048","targetHints":{"allow":["GET"]}}],"collection":[{"href":"https:\/\/diariodominicano.com\/index.php?rest_route=\/wp\/v2\/posts"}],"about":[{"href":"https:\/\/diariodominicano.com\/index.php?rest_route=\/wp\/v2\/types\/post"}],"author":[{"embeddable":true,"href":"https:\/\/diariodominicano.com\/index.php?rest_route=\/wp\/v2\/users\/3"}],"replies":[{"embeddable":true,"href":"https:\/\/diariodominicano.com\/index.php?rest_route=%2Fwp%2Fv2%2Fcomments&post=39048"}],"version-history":[{"count":0,"href":"https:\/\/diariodominicano.com\/index.php?rest_route=\/wp\/v2\/posts\/39048\/revisions"}],"wp:attachment":[{"href":"https:\/\/diariodominicano.com\/index.php?rest_route=%2Fwp%2Fv2%2Fmedia&parent=39048"}],"wp:term":[{"taxonomy":"category","embeddable":true,"href":"https:\/\/diariodominicano.com\/index.php?rest_route=%2Fwp%2Fv2%2Fcategories&post=39048"},{"taxonomy":"post_tag","embeddable":true,"href":"https:\/\/diariodominicano.com\/index.php?rest_route=%2Fwp%2Fv2%2Ftags&post=39048"}],"curies":[{"name":"wp","href":"https:\/\/api.w.org\/{rel}","templated":true}]}}