{"id":39026,"date":"2020-05-13T17:47:56","date_gmt":"2020-05-13T17:47:56","guid":{"rendered":"http:\/\/diariodominicano.ddns.net\/?p=39026"},"modified":"2020-05-13T17:47:56","modified_gmt":"2020-05-13T17:47:56","slug":"despues-de-agosto","status":"publish","type":"post","link":"https:\/\/diariodominicano.com\/?p=39026","title":{"rendered":"Despu\u00e9s de agosto"},"content":{"rendered":"<p><body><\/p>\n<p><strong>Diariodominicano.com<\/strong><\/p>\n<p><strong>A Pleno Sol<\/strong><\/p>\n<p><strong>Despu\u00e9s de agosto<\/strong><\/p>\n<p><strong>Por Manuel Hern\u00e1ndez Villeta<\/strong><\/p>\n<\/p>\n<\/p>\n<p>Dentro de unos dos meses habr\u00e1 un nuevo gobierno en la Rep\u00fablica Dominicana. A \u00e9l le tocar\u00e1 en lo fundamental hacer frente a la crisis econ\u00f3mica que ya est\u00e1 presente. Ser\u00e1 culpa del coronavirus, que en el mejor de los casos en agosto estar\u00e1 controlado.<\/p>\n<\/p>\n<p>Pero desde el momento que el comercio comience a abrir, se notar\u00e1n los cambios que se tienen que producir en la sociedad dominicana. Ahora hay un largo per\u00edodo congelado, que obligatoriamente tendr\u00e1 que calentarse cuando la epidemia caiga a niveles controlados.<\/p>\n<\/p>\n<p>No hay reelecci\u00f3n del actual mandatario. Por consiguiente todo el esfuerzo de Danilo Medina estar\u00e1 dirigido a crear las bases para controlar la epidemia y hacer una transici\u00f3n ordenada. Sin embargo, en lo econ\u00f3mico ser\u00e1 el principio real de una crisis sin precedente.<\/p>\n<\/p>\n<p>No importa quien sea, el nuevo presidente se encontrar\u00e1 con el sector tur\u00edstico paralizado; el pa\u00eds con las fronteras cerradas o comenzando a ser abiertas; la industria de la construcci\u00f3n reanudando a ligar cemento; el sector agropecuario necesitando ayuda urgente para mantener el reabastecimiento alimenticio, y las recaudaciones impositivas casi al cero.<\/p>\n<\/p>\n<p>Su panorama m\u00e1s sombr\u00edo lo dictar\u00e1 la gran cantidad de desempleados que le tocar\u00e1n las puertas. Los hombres de empresa calculan que ahora mismo hay un mill\u00f3n y medio de cesanteados por la crisis econ\u00f3mica, y que es posible que un mill\u00f3n se quede sin empleos.<\/p>\n<\/p>\n<p>De vista a la calle ese es un panorama explosivo, con el que habr\u00e1 que lidiar desde un primer momento. Ese ej\u00e9rcito de desempleados de las capas medias y pobres tiene las manos atadas a encontrar nuevos empleos. Se debe tomar en cuenta que el desempleo de por si es masivo en la Rep\u00fablica Dominicana.<\/p>\n<\/p>\n<p>Le puede ser m\u00e1s f\u00e1cil lidiar con el mercado informal. Los buhoneros y trabajadores ocasionales, los vendedores de chucher\u00edas, los emprendedores hacen sus propios negocios y solo necesitan que los pesos est\u00e9n en las calles. Pero con tantos brazos ociosos, tambi\u00e9n bajar\u00e1n los mercados de venta, oferta y demanda.<\/p>\n<\/p>\n<p>Hay tres candidatos con posibilidades de ganar la presidencia de la rep\u00fablica. Desde ya Luis Abinader, Gonzalo Castillo y Leonel Fern\u00e1ndez deben tener bien claro cu\u00e1les son sus objetivos y  programa a desarrollar desde que juren con la banda tricolor en el pecho.<\/p>\n<\/p>\n<p>Los llamados cien d\u00edas, que son norma y ley en los Estados Unidos, tendr\u00e1n mucho peso en el pa\u00eds. Es el per\u00edodo donde se deber\u00e1 desarrollar un amplio programa de gobierno y tomar las acciones para reactivar progresivamente a la sociedad dominicana. Solo que no deben venir con viejas recetas.<\/p>\n<\/p>\n<p>No se ha hecho escombro la vieja sociedad, se mantendr\u00e1 vigente, pero la metodolog\u00eda de vida, de trabajo, de estudios, de ver el desarrollo, si tendr\u00eda cambios radicales y profundos. La misi\u00f3n de este gobierno es controlar el corona virus, pero del venidero, su tit\u00e1nica marcha estar\u00e1 en relanzar a las fuerzas vivas nacionales. \u00a1Ay!, se me acab\u00f3 la tinta.<\/p>\n<\/p>\n<h6> 2020-05-13 17:47:56 <\/h6>\n<p><!--\n<link rel=\"stylesheet\" href=\"css\/bootstrap.min.css\">\n\n\n<ul class=\"pagination\">\n\t    \n\t\n\n<li >\n\t<a href='?page_no=237'>Previous<\/a>\n\t<\/li>\n\n\n       \n    \n\n<li><a href='?page_no=1'>1<\/a><\/li>\n\n\n\n<li><a href='?page_no=2'>2<\/a><\/li>\n\n\n\n<li><a>...<\/a><\/li>\n\n\n\n<li><a href='?page_no=236'>236<\/a><\/li>\n\n\n\n<li><a href='?page_no=237'>237<\/a><\/li>\n\n\n\n<li class='active'><a>238<\/a><\/li>\n\n\n\n<li><a href='?page_no=239'>239<\/a><\/li>\n\n\n\n<li><a href='?page_no=240'>240<\/a><\/li>\n\n\n\n<li><a>...<\/a><\/li>\n\n\n\n<li><a href='?page_no=13611'>13611<\/a><\/li>\n\n\n\n<li><a href='?page_no=13612'>13612<\/a><\/li>\n\n    \n\t\n\n<li >\n\t<a href='?page_no=239'>Next<\/a>\n\t<\/li>\n\n\n    \n\n<li><a href='?page_no=13612'>Last &rsaquo;&rsaquo;<\/a><\/li>\n\n<\/ul>\n\n\n--><br \/>\n<\/body><\/p>\n","protected":false},"excerpt":{"rendered":"<p>Diariodominicano.com A Pleno Sol Despu\u00e9s de agosto Por Manuel Hern\u00e1ndez Villeta Dentro de unos dos meses habr\u00e1 un nuevo gobierno en la Rep\u00fablica Dominicana. A \u00e9l le tocar\u00e1 en lo fundamental hacer frente a la crisis econ\u00f3mica que ya est\u00e1 presente. Ser\u00e1 culpa del coronavirus, que en el mejor de los casos en agosto estar\u00e1 [&hellip;]<\/p>\n","protected":false},"author":3,"featured_media":0,"comment_status":"open","ping_status":"open","sticky":false,"template":"","format":"standard","meta":{"footnotes":""},"categories":[16],"tags":[],"class_list":["post-39026","post","type-post","status-publish","format-standard","hentry","category-opiniones"],"_links":{"self":[{"href":"https:\/\/diariodominicano.com\/index.php?rest_route=\/wp\/v2\/posts\/39026","targetHints":{"allow":["GET"]}}],"collection":[{"href":"https:\/\/diariodominicano.com\/index.php?rest_route=\/wp\/v2\/posts"}],"about":[{"href":"https:\/\/diariodominicano.com\/index.php?rest_route=\/wp\/v2\/types\/post"}],"author":[{"embeddable":true,"href":"https:\/\/diariodominicano.com\/index.php?rest_route=\/wp\/v2\/users\/3"}],"replies":[{"embeddable":true,"href":"https:\/\/diariodominicano.com\/index.php?rest_route=%2Fwp%2Fv2%2Fcomments&post=39026"}],"version-history":[{"count":0,"href":"https:\/\/diariodominicano.com\/index.php?rest_route=\/wp\/v2\/posts\/39026\/revisions"}],"wp:attachment":[{"href":"https:\/\/diariodominicano.com\/index.php?rest_route=%2Fwp%2Fv2%2Fmedia&parent=39026"}],"wp:term":[{"taxonomy":"category","embeddable":true,"href":"https:\/\/diariodominicano.com\/index.php?rest_route=%2Fwp%2Fv2%2Fcategories&post=39026"},{"taxonomy":"post_tag","embeddable":true,"href":"https:\/\/diariodominicano.com\/index.php?rest_route=%2Fwp%2Fv2%2Ftags&post=39026"}],"curies":[{"name":"wp","href":"https:\/\/api.w.org\/{rel}","templated":true}]}}