{"id":390092,"date":"2022-10-16T00:41:37","date_gmt":"2022-10-16T04:41:37","guid":{"rendered":"http:\/\/diariodominicano.com\/?p=390092"},"modified":"2022-10-16T00:42:29","modified_gmt":"2022-10-16T04:42:29","slug":"restauradores-ocasionan-baja-al-ejercito-de-espana","status":"publish","type":"post","link":"https:\/\/diariodominicano.com\/?p=390092","title":{"rendered":"Restauradores ocasionan baja al Ej\u00e9rcito de Espa\u00f1a"},"content":{"rendered":"\n<p> General Jos\u00e9 de la G\u00e1ndara  <\/p>\n\n\n\n<p>&nbsp;&nbsp;&nbsp;&nbsp; SANTO DOMINGO, el&nbsp; 16 de octubre de 1863, durante la Guerra de la Restauraci\u00f3n, fuerzas militares espa\u00f1olas comandadas por el general Jos\u00e9 de la G\u00e1ndara se enfrentaron a militares restauradores&nbsp; en la zona de Manoguayabo, y perdieron uno de sus jefes de las Reservas.&nbsp; En el informe militar no se ofrece su identidad.<\/p>\n\n\n\n<p>&nbsp;&nbsp;&nbsp; El 17 de octubre los dominicanos volvieron a atacar a los anexionistas y mataron a un militar espa\u00f1ol.<\/p>\n\n\n\n<p>&nbsp;&nbsp;&nbsp; Los dominicanos tambi\u00e9n atacaron en los d\u00edas siguientes&nbsp; a los espa\u00f1oles en los alrededores del r\u00edo Nigua y Yerba Buena.<\/p>\n\n\n\n<p>&nbsp;&nbsp; El General Jos\u00e9 de la G\u00e1ndara hab\u00eda salido de ciudad Santo Domingo, el d\u00eda 15 de octubre al mando de cuatro batallones de infanter\u00eda, dos secciones de milicias y seis piezas de artiller\u00eda en ruta hacia Ban\u00ed.<\/p>\n\n\n\n<p>&nbsp;&nbsp;&nbsp; Cuando lleg\u00f3 a Bondillo fue atacado por los restauradores.<\/p>\n\n\n\n<p><strong>Tras la derrota<\/strong><\/p>\n\n\n\n<p>El Ej\u00e9rcito espa\u00f1ol afrontaba una situaci\u00f3n de debilitamiento a partir del 13 de septiembre de 1863, cuando termin\u00f3 derrotado en la batalla de Santiago, la cual hab\u00eda comenzado el d\u00eda 6 de septiembre de 1863.<\/p>\n\n\n\n<p>&nbsp;&nbsp;&nbsp;&nbsp; Los&nbsp; espa\u00f1oles que sobrevivieron a la batalla decidieron abandonar la ciudad y trasladarse a Puerto Plata, pero no depusieron&nbsp; las armas como lo hab\u00eda pedido el alto mando militar de los restauradores, encabezado por el&nbsp; General Gaspar Polanco, Jefe de Operaciones.<\/p>\n\n\n\n<p>&nbsp;&nbsp;&nbsp; Las tropas espa\u00f1olas&nbsp; iniciaron la marcha a las 15:00 horas del 13 de septiembre. Como salieron con las armas, fueron perseguidas por los restauradores, quienes lograron ocasionarle \u00abgran cantidad de bajas\u00bb y les quitaron dos piezas de artiller\u00eda.<\/p>\n\n\n\n<p>&nbsp;&nbsp;&nbsp; Los dominicanos al mando del general Gaspar Polanco&nbsp; derrotaron a los espa\u00f1oles en los combates de El Lim\u00f3n y El Carril.<\/p>\n\n\n\n<p>&nbsp;&nbsp;&nbsp; El informe militar precisa que los combates se decidieron por el empleo de las armas blancas.<\/p>\n\n\n\n<p>&nbsp;&nbsp;&nbsp; La victoria de los dominicanos en la Batalla de Santiago, que se desarroll\u00f3 durante los d\u00edas del 6 al 13 de septiembre de 1863, marc\u00f3 el principio del fin de la Anexi\u00f3n a Espa\u00f1a.<\/p>\n\n\n\n<p>&nbsp;&nbsp;&nbsp;&nbsp; A partir de ese acontecimiento, los restauradores procedieron a redactar el acta de Independencia, con la que declarar\u00edan&nbsp; restaurada la Rep\u00fablica Dominicana.<\/p>\n\n\n\n<p>&nbsp;&nbsp;&nbsp; El d\u00eda anterior, el 12 de septiembre de 1863, los restauradores continuaron su avance contra las tropas espa\u00f1olas en el Cibao.<\/p>\n\n\n\n<p>&nbsp;&nbsp;&nbsp; Los militares espa\u00f1oles sufrieron derrotas en J\u00e1cuba, Maril\u00f3pez y la Otra Banda, en Santiago.<\/p>\n\n\n\n<p>&nbsp; Tambi\u00e9n un grupo de militares espa\u00f1oles fue fusilado por instrucci\u00f3n del general Gregorio Luper\u00f3n. Y fracas\u00f3 un intento de mediaci\u00f3n que hizo el preb\u00edstero Francisco de Charboneau, a petici\u00f3n del brigadier espa\u00f1ol Manuel Buceta.<\/p>\n","protected":false},"excerpt":{"rendered":"<p>General Jos\u00e9 de la G\u00e1ndara &nbsp;&nbsp;&nbsp;&nbsp; SANTO DOMINGO, el&nbsp; 16 de octubre de 1863, durante la Guerra de la Restauraci\u00f3n, fuerzas militares espa\u00f1olas comandadas por el general Jos\u00e9 de la G\u00e1ndara se enfrentaron a militares restauradores&nbsp; en la zona de Manoguayabo, y perdieron uno de sus jefes de las Reservas.&nbsp; En el informe militar no [&hellip;]<\/p>\n","protected":false},"author":28,"featured_media":286083,"comment_status":"closed","ping_status":"","sticky":true,"template":"","format":"standard","meta":{"footnotes":""},"categories":[26,27],"tags":[],"class_list":["post-390092","post","type-post","status-publish","format-standard","has-post-thumbnail","hentry","category-efemerides","category-portada"],"_links":{"self":[{"href":"https:\/\/diariodominicano.com\/index.php?rest_route=\/wp\/v2\/posts\/390092","targetHints":{"allow":["GET"]}}],"collection":[{"href":"https:\/\/diariodominicano.com\/index.php?rest_route=\/wp\/v2\/posts"}],"about":[{"href":"https:\/\/diariodominicano.com\/index.php?rest_route=\/wp\/v2\/types\/post"}],"author":[{"embeddable":true,"href":"https:\/\/diariodominicano.com\/index.php?rest_route=\/wp\/v2\/users\/28"}],"replies":[{"embeddable":true,"href":"https:\/\/diariodominicano.com\/index.php?rest_route=%2Fwp%2Fv2%2Fcomments&post=390092"}],"version-history":[{"count":2,"href":"https:\/\/diariodominicano.com\/index.php?rest_route=\/wp\/v2\/posts\/390092\/revisions"}],"predecessor-version":[{"id":390094,"href":"https:\/\/diariodominicano.com\/index.php?rest_route=\/wp\/v2\/posts\/390092\/revisions\/390094"}],"wp:featuredmedia":[{"embeddable":true,"href":"https:\/\/diariodominicano.com\/index.php?rest_route=\/wp\/v2\/media\/286083"}],"wp:attachment":[{"href":"https:\/\/diariodominicano.com\/index.php?rest_route=%2Fwp%2Fv2%2Fmedia&parent=390092"}],"wp:term":[{"taxonomy":"category","embeddable":true,"href":"https:\/\/diariodominicano.com\/index.php?rest_route=%2Fwp%2Fv2%2Fcategories&post=390092"},{"taxonomy":"post_tag","embeddable":true,"href":"https:\/\/diariodominicano.com\/index.php?rest_route=%2Fwp%2Fv2%2Ftags&post=390092"}],"curies":[{"name":"wp","href":"https:\/\/api.w.org\/{rel}","templated":true}]}}