{"id":38982,"date":"2020-05-18T00:22:59","date_gmt":"2020-05-18T00:22:59","guid":{"rendered":"http:\/\/diariodominicano.ddns.net\/?p=38982"},"modified":"2020-05-18T00:22:59","modified_gmt":"2020-05-18T00:22:59","slug":"por-que-no-aceptar-la-crisis","status":"publish","type":"post","link":"https:\/\/diariodominicano.com\/?p=38982","title":{"rendered":"\u00bfPor qu\u00e9 no aceptar la crisis?"},"content":{"rendered":"<p><body><\/p>\n<p><strong>\u00bfPor qu\u00e9 no aceptar la crisis?<\/strong><\/p>\n<p><strong>Franklin Almeyda Rancier  <\/strong><\/p>\n<p>Parece que tienen raz\u00f3n los que afirman que ante una crisis lo primero es aceptar su existencia, para poderla afrontar con \u00e9xito. Desde el gobierno, pasando por el Banco Central y siguiendo por la JCE, parecen entender que esta crisis sanitaria es como un hurac\u00e1n o un terremoto que pasa y solo deja da\u00f1os moment\u00e1neos.<\/p>\n<p>Esta crisis sanitaria es para ser asumida con sus consecuencias. Se trata de un virus que escapa a los controles medicinales conocidos. Tenemos que aprender a vivir con el virus porque permanecer\u00e1 entre los humanos, a\u00fan cuando la ciencia pueda crear la cura con medicamentos. Tomar\u00e1 tiempo aplicarse a miles de millones de habitantes.<\/p>\n<\/p>\n<p>Algunos desean aminorar los efectos de la crisis, desconoci\u00e9ndola o evadiendo sus efectos; no advierten que esta afecci\u00f3n no puede ser enga\u00f1ada. Otros se inclinan por mentir para crear un espejismo de percepci\u00f3n.<\/p>\n<\/p>\n<p>En este sentido llama la atenci\u00f3n de una publicaci\u00f3n del Banco Central. Ha dicho que: \u00abLa actividad econ\u00f3mica registra un comportamiento neutral en el primer trimestre de 2020 ante COVID-19\u00bb. Usa la palabra \u00abante\u00bb maliciosamente; es una preposici\u00f3n utilizada para confundir, puesto que al decir \u00abante Covid-19\u00bb parecer\u00eda que dice frente a la enfermedad, y ella no se sent\u00eda en el pa\u00eds al primer trimestre. Debi\u00f3 ponerle la \u00abs\u00bb y agregar la preposici\u00f3n (de) para decir \u00abantes de Covid-19\u00bb.<\/p>\n<\/p>\n<p>Los organismos multilaterales financiero y econ\u00f3mico pronostican que hay ya una recesi\u00f3n que supera la del 1930. Se asegura que habr\u00e1 un decrecimiento en los pa\u00edses de -0% en el PIB. El FMI dice que nuestro pa\u00eds ser\u00e1 de -1% y CEPAL y BM que ser\u00e1 de 0%. En consecuencia, el pa\u00eds no escapa a la crisis econ\u00f3mica mundial aunque se simulen cifras.<\/p>\n<\/p>\n<p>Al mismo tiempo, el gobierno dominicano muestra una torpeza calculada para utilizar la crisis sanitaria pretendiendo beneficiar a un candidato que es carb\u00f3n mojado y no prende ni a riesgo de la salud del pueblo dominicano. Est\u00e1 m\u00e1s bien, agravando la econom\u00eda del aparato productivo.<\/p>\n<\/p>\n<p>Lo mismo viene ocurriendo con la JCE, que maneja el proceso electoral del 5 de julio como si fuera igual que todos los anteriores. No lo ser\u00e1, porque debe ir acompa\u00f1ado de medidas sanitarias que ofrezcan seguridad y confianza en los electores.<\/p>\n<\/p>\n<p>Organismos regionales y el partido Fuerza del Pueblo y aliados han hecho recomendaciones con el prop\u00f3sito de que se adopten medidas sanitarias-electorales. Pero la JCE parece acomodarse como quien espera que la pandemia y sus efectos pasen.<\/p>\n<\/p>\n<p>El pa\u00eds tiene establecido en la Constituci\u00f3n que el pr\u00f3ximo 16 de agosto de este a\u00f1o es el t\u00e9rmino del per\u00edodo de gobierno. Salen el Presidente, la Vicepresidente, los senadores y los diputados, para darles paso a los que han de ser elegidos el 5 de julio y, en una posible segunda vuelta, el 26 de ese mes, al presidente y vicepresidente.<\/p>\n<\/p>\n<p>Dejar de lado o ignorar los efectos de la crisis sanitaria sobre el aparato productivo y comercial, es grave. Hacer lo mismo con el proceso de elecci\u00f3n para facilitar el t\u00e9rmino del mandato presidencial y del Congreso Nacional, es crear una crisis pol\u00edtica que har\u00eda mucho m\u00e1s grave la econ\u00f3mica.<\/p>\n<\/p>\n<p>Se est\u00e1 a tiempo para evitar que la crisis sanitaria conduzca a una situaci\u00f3n total de ingobernabilidad.<\/p>\n<h6> 2020-05-18 00:22:59 <\/h6>\n<p><!--\n<link rel=\"stylesheet\" href=\"css\/bootstrap.min.css\">\n\n\n<ul class=\"pagination\">\n\t    \n\t\n\n<li >\n\t<a href='?page_no=233'>Previous<\/a>\n\t<\/li>\n\n\n       \n    \n\n<li><a href='?page_no=1'>1<\/a><\/li>\n\n\n\n<li><a href='?page_no=2'>2<\/a><\/li>\n\n\n\n<li><a>...<\/a><\/li>\n\n\n\n<li><a href='?page_no=232'>232<\/a><\/li>\n\n\n\n<li><a href='?page_no=233'>233<\/a><\/li>\n\n\n\n<li class='active'><a>234<\/a><\/li>\n\n\n\n<li><a href='?page_no=235'>235<\/a><\/li>\n\n\n\n<li><a href='?page_no=236'>236<\/a><\/li>\n\n\n\n<li><a>...<\/a><\/li>\n\n\n\n<li><a href='?page_no=13611'>13611<\/a><\/li>\n\n\n\n<li><a href='?page_no=13612'>13612<\/a><\/li>\n\n    \n\t\n\n<li >\n\t<a href='?page_no=235'>Next<\/a>\n\t<\/li>\n\n\n    \n\n<li><a href='?page_no=13612'>Last &rsaquo;&rsaquo;<\/a><\/li>\n\n<\/ul>\n\n\n--><br \/>\n<\/body><\/p>\n","protected":false},"excerpt":{"rendered":"<p>\u00bfPor qu\u00e9 no aceptar la crisis? Franklin Almeyda Rancier Parece que tienen raz\u00f3n los que afirman que ante una crisis lo primero es aceptar su existencia, para poderla afrontar con \u00e9xito. Desde el gobierno, pasando por el Banco Central y siguiendo por la JCE, parecen entender que esta crisis sanitaria es como un hurac\u00e1n o [&hellip;]<\/p>\n","protected":false},"author":3,"featured_media":0,"comment_status":"open","ping_status":"open","sticky":false,"template":"","format":"standard","meta":{"footnotes":""},"categories":[16],"tags":[],"class_list":["post-38982","post","type-post","status-publish","format-standard","hentry","category-opiniones"],"_links":{"self":[{"href":"https:\/\/diariodominicano.com\/index.php?rest_route=\/wp\/v2\/posts\/38982","targetHints":{"allow":["GET"]}}],"collection":[{"href":"https:\/\/diariodominicano.com\/index.php?rest_route=\/wp\/v2\/posts"}],"about":[{"href":"https:\/\/diariodominicano.com\/index.php?rest_route=\/wp\/v2\/types\/post"}],"author":[{"embeddable":true,"href":"https:\/\/diariodominicano.com\/index.php?rest_route=\/wp\/v2\/users\/3"}],"replies":[{"embeddable":true,"href":"https:\/\/diariodominicano.com\/index.php?rest_route=%2Fwp%2Fv2%2Fcomments&post=38982"}],"version-history":[{"count":0,"href":"https:\/\/diariodominicano.com\/index.php?rest_route=\/wp\/v2\/posts\/38982\/revisions"}],"wp:attachment":[{"href":"https:\/\/diariodominicano.com\/index.php?rest_route=%2Fwp%2Fv2%2Fmedia&parent=38982"}],"wp:term":[{"taxonomy":"category","embeddable":true,"href":"https:\/\/diariodominicano.com\/index.php?rest_route=%2Fwp%2Fv2%2Fcategories&post=38982"},{"taxonomy":"post_tag","embeddable":true,"href":"https:\/\/diariodominicano.com\/index.php?rest_route=%2Fwp%2Fv2%2Ftags&post=38982"}],"curies":[{"name":"wp","href":"https:\/\/api.w.org\/{rel}","templated":true}]}}