{"id":389794,"date":"2022-10-14T00:10:48","date_gmt":"2022-10-14T04:10:48","guid":{"rendered":"http:\/\/diariodominicano.com\/?p=389794"},"modified":"2022-10-14T00:13:18","modified_gmt":"2022-10-14T04:13:18","slug":"fuego-devastador-en-samana","status":"publish","type":"post","link":"https:\/\/diariodominicano.com\/?p=389794","title":{"rendered":"Fuego devastador en Saman\u00e1"},"content":{"rendered":"\n<p>&nbsp;&nbsp;&nbsp; SAMANA, el 14 de octubre de 1946, un incendio devast\u00f3 a la ciudad Santa B\u00e1rbara de Saman\u00e1.<\/p>\n\n\n\n<p>Una cr\u00f3nica de la \u00e9poca da cuenta de que las llamas destruyeron casi todas las viviendas.<\/p>\n\n\n\n<p>En la \u00e9poca casi todas las casas&nbsp; de Saman\u00e1 eran construcciones de madera y zinc.<\/p>\n\n\n\n<p>Saman\u00e1,&nbsp; fue fundada&nbsp; el 4 de Junio de 1867 como Distrito tur\u00edstico. Su&nbsp; nombre se origina en el Cacicazgo Saman\u00e1, la identidad ind\u00edgena de la regi\u00f3n. Tiene una superficie de 853,74 Km. cuadrados y una poblaci\u00f3n de m\u00e1s de&nbsp; 95.000 personas.<\/p>\n\n\n\n<p>La ciudad Santa B\u00e1rbara Saman\u00e1, es la capital de la provincia Saman\u00e1. Est\u00e1 limitada al Norte y Este por el Oc\u00e9ano Atl\u00e1ntico, al Sur por la Bah\u00eda de Saman\u00e1 y la provincia Monte Plata y al Oeste por las provincias&nbsp; Duarte y Mar\u00eda Trinidad S\u00e1nchez.<\/p>\n\n\n\n<p>Saman\u00e1, es uno de los principales polos tur\u00edsticos de Rep\u00fablica Dominicana.<\/p>\n","protected":false},"excerpt":{"rendered":"<p>&nbsp;&nbsp;&nbsp; SAMANA, el 14 de octubre de 1946, un incendio devast\u00f3 a la ciudad Santa B\u00e1rbara de Saman\u00e1. Una cr\u00f3nica de la \u00e9poca da cuenta de que las llamas destruyeron casi todas las viviendas. En la \u00e9poca casi todas las casas&nbsp; de Saman\u00e1 eran construcciones de madera y zinc. Saman\u00e1,&nbsp; fue fundada&nbsp; el 4 de [&hellip;]<\/p>\n","protected":false},"author":28,"featured_media":389796,"comment_status":"closed","ping_status":"","sticky":true,"template":"","format":"standard","meta":{"footnotes":""},"categories":[26,27],"tags":[],"class_list":["post-389794","post","type-post","status-publish","format-standard","has-post-thumbnail","hentry","category-efemerides","category-portada"],"_links":{"self":[{"href":"https:\/\/diariodominicano.com\/index.php?rest_route=\/wp\/v2\/posts\/389794","targetHints":{"allow":["GET"]}}],"collection":[{"href":"https:\/\/diariodominicano.com\/index.php?rest_route=\/wp\/v2\/posts"}],"about":[{"href":"https:\/\/diariodominicano.com\/index.php?rest_route=\/wp\/v2\/types\/post"}],"author":[{"embeddable":true,"href":"https:\/\/diariodominicano.com\/index.php?rest_route=\/wp\/v2\/users\/28"}],"replies":[{"embeddable":true,"href":"https:\/\/diariodominicano.com\/index.php?rest_route=%2Fwp%2Fv2%2Fcomments&post=389794"}],"version-history":[{"count":1,"href":"https:\/\/diariodominicano.com\/index.php?rest_route=\/wp\/v2\/posts\/389794\/revisions"}],"predecessor-version":[{"id":389795,"href":"https:\/\/diariodominicano.com\/index.php?rest_route=\/wp\/v2\/posts\/389794\/revisions\/389795"}],"wp:featuredmedia":[{"embeddable":true,"href":"https:\/\/diariodominicano.com\/index.php?rest_route=\/wp\/v2\/media\/389796"}],"wp:attachment":[{"href":"https:\/\/diariodominicano.com\/index.php?rest_route=%2Fwp%2Fv2%2Fmedia&parent=389794"}],"wp:term":[{"taxonomy":"category","embeddable":true,"href":"https:\/\/diariodominicano.com\/index.php?rest_route=%2Fwp%2Fv2%2Fcategories&post=389794"},{"taxonomy":"post_tag","embeddable":true,"href":"https:\/\/diariodominicano.com\/index.php?rest_route=%2Fwp%2Fv2%2Ftags&post=389794"}],"curies":[{"name":"wp","href":"https:\/\/api.w.org\/{rel}","templated":true}]}}