{"id":38971,"date":"2020-05-19T23:38:05","date_gmt":"2020-05-19T23:38:05","guid":{"rendered":"http:\/\/diariodominicano.ddns.net\/?p=38971"},"modified":"2020-05-19T23:38:05","modified_gmt":"2020-05-19T23:38:05","slug":"finalizar-ano-escolar","status":"publish","type":"post","link":"https:\/\/diariodominicano.com\/?p=38971","title":{"rendered":"Finalizar a\u00f1o escolar&#13;"},"content":{"rendered":"<p><body><\/p>\n<p><strong>Diariodominicano.com<\/strong><\/p>\n<p><strong>A Pleno Sol<\/strong><\/p>\n<p><strong>Finalizar a\u00f1o escolar<\/strong><\/p>\n<p><strong>Por Manuel Hern\u00e1ndez Villeta<\/strong><\/p>\n<\/p>\n<\/p>\n<p>El a\u00f1o escolar debe darse por terminado. Con m\u00e1s de dos meses sin los estudiantes de escuelas p\u00fablicas tomar un cuaderno, no hay raz\u00f3n para tener la persistencia de que se deben realizar ex\u00e1menes finales, o evaluar a los muchachos de acuerdo con las notas intermedias.<\/p>\n<\/p>\n<p>Lo correcto es dar por finalizado este a\u00f1o lectivo, pasar a todos los estudiantes al curso inmediato, y en el pr\u00f3ximo dedicar un mes a un repaso general del curso anterior.<\/p>\n<\/p>\n<p>En el \u00faltimo a\u00f1o del pre-universitario debe ser requisito b\u00e1sico que se haga un resumen de dos meses, antes de entregar el certificado que permitir\u00eda la inscripci\u00f3n en una universidad. Esa evaluaci\u00f3n se podr\u00eda dar durante un mes, antes de comenzar el a\u00f1o escolar.<\/p>\n<\/p>\n<p>No hay justificaciones reales para tratar de forzar la realizaci\u00f3n de unas pruebas nacionales que no sirven para nada, como se ha demostrado en el pasado. Lo \u00fanico que demuestran las pruebas, es que los estudiantes est\u00e1n mal preparados y las pasan a duras penas.<\/p>\n<\/p>\n<p>Desde hace a\u00f1os abogamos por la eliminaci\u00f3n de las pruebas nacionales, y volver al m\u00e9todo anterior, donde los estudiantes no se examinaban ni con su profesor ni en su escuela.<\/p>\n<\/p>\n<p>El ministerio de Educaci\u00f3n,  entonces secretar\u00eda, a los estudiantes de escuelas p\u00fablicas, los enviaba a evaluaci\u00f3n a colegios, y a los de la ense\u00f1anza privada a las aulas del Estado.<\/p>\n<\/p>\n<p>Las aulas tienen m\u00e1s de dos meses cerradas. Se imparti\u00f3 docencia irregular desde los problemas de las fallidas elecciones municipales, y luego se trabaj\u00f3 a cuenta gotas en la nueva convocatoria a elecciones donde salieron electos los nuevos s\u00edndicos y regidores.<\/p>\n<\/p>\n<p>Los alumnos de las escuelas p\u00fablicas carecen de mecanismos on-line que les permita estudiar desde sus casas. Muchos no tienen computadoras, y en los barrios y campos no est\u00e1 disponible el internet que puede hacer funcionar una plataforma de video-conferencia.<\/p>\n<\/p>\n<p>En el caso de los colegios privados, en el segmento de la \u00e9lite, que tienen sofisticadas plataformas digitales que le han permito impartir docencia con normalidad. Estos podr\u00edan estar en capacidad de hacer una verdadera evaluaci\u00f3n de sus estudiantes.<\/p>\n<\/p>\n<p>Pero la respuesta l\u00f3gica al problema tiene que ser obligatoriamente que pasen todos los estudiantes, porque se est\u00e1 trabajando en medio de irregularidades, y no hay garant\u00edas de que m\u00e9todos sofisticados aplicados a la carrera hayan dado buenos resultados.<\/p>\n<\/p>\n<p>Vamos a comenzar a trabajar en el venidero a\u00f1o escolar y demos esto por terminado. Esa es la mejor soluci\u00f3n que se puede presentar al sistema educativo nacional. \u00a1Ay!, se me acab\u00f3 la tinta.<\/p>\n<\/p>\n<h6> 2020-05-19 23:38:05 <\/h6>\n<p><!--\n<link rel=\"stylesheet\" href=\"css\/bootstrap.min.css\">\n\n\n<ul class=\"pagination\">\n\t    \n\t\n\n<li >\n\t<a href='?page_no=232'>Previous<\/a>\n\t<\/li>\n\n\n       \n    \n\n<li><a href='?page_no=1'>1<\/a><\/li>\n\n\n\n<li><a href='?page_no=2'>2<\/a><\/li>\n\n\n\n<li><a>...<\/a><\/li>\n\n\n\n<li><a href='?page_no=231'>231<\/a><\/li>\n\n\n\n<li><a href='?page_no=232'>232<\/a><\/li>\n\n\n\n<li class='active'><a>233<\/a><\/li>\n\n\n\n<li><a href='?page_no=234'>234<\/a><\/li>\n\n\n\n<li><a href='?page_no=235'>235<\/a><\/li>\n\n\n\n<li><a>...<\/a><\/li>\n\n\n\n<li><a href='?page_no=13611'>13611<\/a><\/li>\n\n\n\n<li><a href='?page_no=13612'>13612<\/a><\/li>\n\n    \n\t\n\n<li >\n\t<a href='?page_no=234'>Next<\/a>\n\t<\/li>\n\n\n    \n\n<li><a href='?page_no=13612'>Last &rsaquo;&rsaquo;<\/a><\/li>\n\n<\/ul>\n\n\n--><br \/>\n<\/body><\/p>\n","protected":false},"excerpt":{"rendered":"<p>Diariodominicano.com A Pleno Sol Finalizar a\u00f1o escolar Por Manuel Hern\u00e1ndez Villeta El a\u00f1o escolar debe darse por terminado. Con m\u00e1s de dos meses sin los estudiantes de escuelas p\u00fablicas tomar un cuaderno, no hay raz\u00f3n para tener la persistencia de que se deben realizar ex\u00e1menes finales, o evaluar a los muchachos de acuerdo con las [&hellip;]<\/p>\n","protected":false},"author":3,"featured_media":0,"comment_status":"open","ping_status":"open","sticky":false,"template":"","format":"standard","meta":{"footnotes":""},"categories":[16],"tags":[],"class_list":["post-38971","post","type-post","status-publish","format-standard","hentry","category-opiniones"],"_links":{"self":[{"href":"https:\/\/diariodominicano.com\/index.php?rest_route=\/wp\/v2\/posts\/38971","targetHints":{"allow":["GET"]}}],"collection":[{"href":"https:\/\/diariodominicano.com\/index.php?rest_route=\/wp\/v2\/posts"}],"about":[{"href":"https:\/\/diariodominicano.com\/index.php?rest_route=\/wp\/v2\/types\/post"}],"author":[{"embeddable":true,"href":"https:\/\/diariodominicano.com\/index.php?rest_route=\/wp\/v2\/users\/3"}],"replies":[{"embeddable":true,"href":"https:\/\/diariodominicano.com\/index.php?rest_route=%2Fwp%2Fv2%2Fcomments&post=38971"}],"version-history":[{"count":0,"href":"https:\/\/diariodominicano.com\/index.php?rest_route=\/wp\/v2\/posts\/38971\/revisions"}],"wp:attachment":[{"href":"https:\/\/diariodominicano.com\/index.php?rest_route=%2Fwp%2Fv2%2Fmedia&parent=38971"}],"wp:term":[{"taxonomy":"category","embeddable":true,"href":"https:\/\/diariodominicano.com\/index.php?rest_route=%2Fwp%2Fv2%2Fcategories&post=38971"},{"taxonomy":"post_tag","embeddable":true,"href":"https:\/\/diariodominicano.com\/index.php?rest_route=%2Fwp%2Fv2%2Ftags&post=38971"}],"curies":[{"name":"wp","href":"https:\/\/api.w.org\/{rel}","templated":true}]}}