{"id":38960,"date":"2020-05-20T08:36:34","date_gmt":"2020-05-20T08:36:34","guid":{"rendered":"http:\/\/diariodominicano.ddns.net\/?p=38960"},"modified":"2020-05-20T08:36:34","modified_gmt":"2020-05-20T08:36:34","slug":"tres-mujeres-para-una-region","status":"publish","type":"post","link":"https:\/\/diariodominicano.com\/?p=38960","title":{"rendered":"Tres mujeres para una regi\u00f3n"},"content":{"rendered":"<p><body><\/p>\n<p><strong>Diariodominicano.com<\/strong><\/p>\n<p><strong>VISI\u00d3N GLOBAL<\/strong><\/p>\n<p><strong>Por Nelson Encarnaci\u00f3n<\/strong><\/p>\n<p><strong> <\/strong><\/p>\n<p><strong>Tres mujeres para una regi\u00f3n<\/strong><\/p>\n<\/p>\n<p>Para nadie es un secreto que la regi\u00f3n sur ha sido la zona de la Rep\u00fablica Dominicana de m\u00e1s lento desarrollo, de olvido centenario y de precariedad provocada, a pesar de disponer de recursos naturalezas y de personas laboriosas como las que m\u00e1s, sin dejar de destacar que ha aportado a la pol\u00edtica nacional grandes figuras desde el nacimiento mismo del Estado naci\u00f3n.<\/p>\n<\/p>\n<p>La elecci\u00f3n por ocho a\u00f1os del presidente Danilo Medina?sure\u00f1o por los cuatro costados?despert\u00f3 grandes expectativas para la regi\u00f3n, pues se supon\u00eda que propiciar\u00eda al menos el despegue de la regi\u00f3n hacia estadios de desarrollo m\u00e1s promisorios, lo que, falt\u00e1ndole apenas tres meses para entregar el Gobierno, ha resultado toda una decepci\u00f3n.<\/p>\n<\/p>\n<p>En una alguna oportunidad, cuando se debat\u00eda el proyecto de la llamada carretera Cibao-Sur, el presidente Medina proclam\u00f3 a modo de interrogante: \u00abSi no la hago yo, qui\u00e9n la va a hacer\u00bb, con lo cual quer\u00eda significar que su compromiso con el sur era mayor que nadie m\u00e1s. Pura palabrer\u00eda.<\/p>\n<\/p>\n<p>El hecho es que ni construy\u00f3 la dichosa carretera ni ninguna otra que quede como legado de su gesti\u00f3n y por la que se le pueda recordar como un sure\u00f1o que se preocup\u00f3 por sembrar para la posteridad.<\/p>\n<\/p>\n<p>Por consiguiente debemos procurar que en los pr\u00f3ximos a\u00f1os las funciones p\u00fablicas sean ocupadas por sure\u00f1os m\u00e1s comprometidos con su regi\u00f3n.<\/p>\n<\/p>\n<p>He querido hacer la introducci\u00f3n precedente porque me ocupar\u00e9 de dimensionar la importancia de la coyuntura electoral venidera, cuando en un giro importante nuestra regi\u00f3n podr\u00e1 contar con tres mujeres en el Senado de la Rep\u00fablica.<\/p>\n<\/p>\n<p>Me refiero a Noris Medina, L\u00eda D\u00edaz y Melania Salvador, coincidentemente postuladas por la misma coalici\u00f3n opositora que lleva 26 candidaturas comunes a nivel nacional, y que est\u00e1 llamada a ganar la mayor\u00eda de los esca\u00f1os en el Senado de la Rep\u00fablica.<\/p>\n<\/p>\n<p>Por una raz\u00f3n de cercan\u00eda territorial y de relaciones primarias har\u00e9 \u00e9nfasis en la candidata de Barahona?L\u00eda lo es por Azua y Melania por Baoruco?pues adem\u00e1s Noris es actualmente diputada y tiene un trabajo realizado en su provincia.<\/p>\n<\/p>\n<p>En ese aspecto, cabe destacar su permanente preocupaci\u00f3n por estar presente, dentro de las posibilidades de un legislador, y atender las necesidades de su comunidad.<\/p>\n<\/p>\n<p>Sin embargo, su labor como senadora, y los dem\u00e1s legisladores de nuestra regi\u00f3n, deber\u00e1 centrarse en un pr\u00f3ximo per\u00edodo a procurar el desarrollo de la zona mediante la canalizaci\u00f3n de proyectos de soluciones colectivas ante las autoridades nacionales, las cuales estamos seguros ser\u00e1n afines, de modo que una regi\u00f3n con tanto potencial deje de ser vista como una carga de atraso.<\/p>\n<\/p>\n<p>Los votantes de las demarcaciones citadas tienen un compromiso con su regi\u00f3n y con su futuro.<\/p>\n<\/p>\n<p>Nelsonencar10@gmail.com<\/p>\n<\/p>\n<h6> 2020-05-20 08:36:34 <\/h6>\n<p><!--\n<link rel=\"stylesheet\" href=\"css\/bootstrap.min.css\">\n\n\n<ul class=\"pagination\">\n\t    \n\t\n\n<li >\n\t<a href='?page_no=231'>Previous<\/a>\n\t<\/li>\n\n\n       \n    \n\n<li><a href='?page_no=1'>1<\/a><\/li>\n\n\n\n<li><a href='?page_no=2'>2<\/a><\/li>\n\n\n\n<li><a>...<\/a><\/li>\n\n\n\n<li><a href='?page_no=230'>230<\/a><\/li>\n\n\n\n<li><a href='?page_no=231'>231<\/a><\/li>\n\n\n\n<li class='active'><a>232<\/a><\/li>\n\n\n\n<li><a href='?page_no=233'>233<\/a><\/li>\n\n\n\n<li><a href='?page_no=234'>234<\/a><\/li>\n\n\n\n<li><a>...<\/a><\/li>\n\n\n\n<li><a href='?page_no=13611'>13611<\/a><\/li>\n\n\n\n<li><a href='?page_no=13612'>13612<\/a><\/li>\n\n    \n\t\n\n<li >\n\t<a href='?page_no=233'>Next<\/a>\n\t<\/li>\n\n\n    \n\n<li><a href='?page_no=13612'>Last &rsaquo;&rsaquo;<\/a><\/li>\n\n<\/ul>\n\n\n--><br \/>\n<\/body><\/p>\n","protected":false},"excerpt":{"rendered":"<p>Diariodominicano.com VISI\u00d3N GLOBAL Por Nelson Encarnaci\u00f3n Tres mujeres para una regi\u00f3n Para nadie es un secreto que la regi\u00f3n sur ha sido la zona de la Rep\u00fablica Dominicana de m\u00e1s lento desarrollo, de olvido centenario y de precariedad provocada, a pesar de disponer de recursos naturalezas y de personas laboriosas como las que m\u00e1s, sin [&hellip;]<\/p>\n","protected":false},"author":3,"featured_media":0,"comment_status":"open","ping_status":"open","sticky":false,"template":"","format":"standard","meta":{"footnotes":""},"categories":[16],"tags":[],"class_list":["post-38960","post","type-post","status-publish","format-standard","hentry","category-opiniones"],"_links":{"self":[{"href":"https:\/\/diariodominicano.com\/index.php?rest_route=\/wp\/v2\/posts\/38960","targetHints":{"allow":["GET"]}}],"collection":[{"href":"https:\/\/diariodominicano.com\/index.php?rest_route=\/wp\/v2\/posts"}],"about":[{"href":"https:\/\/diariodominicano.com\/index.php?rest_route=\/wp\/v2\/types\/post"}],"author":[{"embeddable":true,"href":"https:\/\/diariodominicano.com\/index.php?rest_route=\/wp\/v2\/users\/3"}],"replies":[{"embeddable":true,"href":"https:\/\/diariodominicano.com\/index.php?rest_route=%2Fwp%2Fv2%2Fcomments&post=38960"}],"version-history":[{"count":0,"href":"https:\/\/diariodominicano.com\/index.php?rest_route=\/wp\/v2\/posts\/38960\/revisions"}],"wp:attachment":[{"href":"https:\/\/diariodominicano.com\/index.php?rest_route=%2Fwp%2Fv2%2Fmedia&parent=38960"}],"wp:term":[{"taxonomy":"category","embeddable":true,"href":"https:\/\/diariodominicano.com\/index.php?rest_route=%2Fwp%2Fv2%2Fcategories&post=38960"},{"taxonomy":"post_tag","embeddable":true,"href":"https:\/\/diariodominicano.com\/index.php?rest_route=%2Fwp%2Fv2%2Ftags&post=38960"}],"curies":[{"name":"wp","href":"https:\/\/api.w.org\/{rel}","templated":true}]}}