{"id":389554,"date":"2022-10-13T08:05:01","date_gmt":"2022-10-13T12:05:01","guid":{"rendered":"http:\/\/diariodominicano.com\/?p=389554"},"modified":"2022-10-13T08:05:01","modified_gmt":"2022-10-13T12:05:01","slug":"comite-central-del-pcch-celebra-reunion-para-solicitar-opiniones-de-personalidades-no-pertenecientes-al-pcch-sobre-importante-informe-congreso-pcch","status":"publish","type":"post","link":"https:\/\/diariodominicano.com\/?p=389554","title":{"rendered":"Comit\u00e9 Central del PCCh celebra reuni\u00f3n para solicitar opiniones de personalidades no pertenecientes al PCCh sobre importante informe: (Congreso PCCh)"},"content":{"rendered":"\n<p><em>spanish.news.cn<\/em>|<em>&nbsp;2022-10-13 14:50:00<\/em>|<\/p>\n\n\n\n<p>BEIJING, 13 oct (Xinhua) &#8212; El Comit\u00e9 Central del Partido Comunista de China (PCCh) celebr\u00f3 una reuni\u00f3n el 31 de agosto para solicitar opiniones y sugerencias de personalidades no pertenecientes al PCCh sobre el borrador del informe al pr\u00f3ximo XX Congreso Nacional del PCCh.<\/p>\n\n\n\n<p>Xi Jinping, secretario general del Comit\u00e9 Central del PCCh, presidi\u00f3 la reuni\u00f3n y pronunci\u00f3 un importante discurso.<\/p>\n","protected":false},"excerpt":{"rendered":"<p>spanish.news.cn|&nbsp;2022-10-13 14:50:00| BEIJING, 13 oct (Xinhua) &#8212; El Comit\u00e9 Central del Partido Comunista de China (PCCh) celebr\u00f3 una reuni\u00f3n el 31 de agosto para solicitar opiniones y sugerencias de personalidades no pertenecientes al PCCh sobre el borrador del informe al pr\u00f3ximo XX Congreso Nacional del PCCh. Xi Jinping, secretario general del Comit\u00e9 Central del PCCh, [&hellip;]<\/p>\n","protected":false},"author":28,"featured_media":314571,"comment_status":"closed","ping_status":"","sticky":true,"template":"","format":"standard","meta":{"footnotes":""},"categories":[26,27],"tags":[],"class_list":["post-389554","post","type-post","status-publish","format-standard","has-post-thumbnail","hentry","category-efemerides","category-portada"],"_links":{"self":[{"href":"https:\/\/diariodominicano.com\/index.php?rest_route=\/wp\/v2\/posts\/389554","targetHints":{"allow":["GET"]}}],"collection":[{"href":"https:\/\/diariodominicano.com\/index.php?rest_route=\/wp\/v2\/posts"}],"about":[{"href":"https:\/\/diariodominicano.com\/index.php?rest_route=\/wp\/v2\/types\/post"}],"author":[{"embeddable":true,"href":"https:\/\/diariodominicano.com\/index.php?rest_route=\/wp\/v2\/users\/28"}],"replies":[{"embeddable":true,"href":"https:\/\/diariodominicano.com\/index.php?rest_route=%2Fwp%2Fv2%2Fcomments&post=389554"}],"version-history":[{"count":1,"href":"https:\/\/diariodominicano.com\/index.php?rest_route=\/wp\/v2\/posts\/389554\/revisions"}],"predecessor-version":[{"id":389555,"href":"https:\/\/diariodominicano.com\/index.php?rest_route=\/wp\/v2\/posts\/389554\/revisions\/389555"}],"wp:featuredmedia":[{"embeddable":true,"href":"https:\/\/diariodominicano.com\/index.php?rest_route=\/wp\/v2\/media\/314571"}],"wp:attachment":[{"href":"https:\/\/diariodominicano.com\/index.php?rest_route=%2Fwp%2Fv2%2Fmedia&parent=389554"}],"wp:term":[{"taxonomy":"category","embeddable":true,"href":"https:\/\/diariodominicano.com\/index.php?rest_route=%2Fwp%2Fv2%2Fcategories&post=389554"},{"taxonomy":"post_tag","embeddable":true,"href":"https:\/\/diariodominicano.com\/index.php?rest_route=%2Fwp%2Fv2%2Ftags&post=389554"}],"curies":[{"name":"wp","href":"https:\/\/api.w.org\/{rel}","templated":true}]}}