{"id":389477,"date":"2022-10-13T00:11:48","date_gmt":"2022-10-13T04:11:48","guid":{"rendered":"http:\/\/diariodominicano.com\/?p=389477"},"modified":"2022-10-13T00:12:52","modified_gmt":"2022-10-13T04:12:52","slug":"uasd-conmemora-el-80-aniversario-natalicio-amin-abel-hasbun","status":"publish","type":"post","link":"https:\/\/diariodominicano.com\/?p=389477","title":{"rendered":"UASD conmemora el 80 aniversario natalicio Am\u00edn Abel Hasb\u00fan"},"content":{"rendered":"\n<p> \u00a0\u00a0La actividad fue encabezada por el decano de esa facultad, maestro Omar Segura, quien destac\u00f3 las cualidades que adornaron al dirigente estudiantil, eliminado el 23 de septiembre\u00a0 del a\u00f1o 1970. <\/p>\n\n\n\n<p>La Universidad Aut\u00f3noma de Santo Domingo (UASD) rindi\u00f3 homenaje al&nbsp; destacado dirigente estudiantil&nbsp;asesinado en el gobierno del doctor Joaqu\u00edn Balague, Am\u00edn Abel Hasb\u00fan, con una ofrenda floral en el busto que lleva su nombre en la Facultad de Ingenier\u00eda y Arquitectura (FIA), al conmemorarse el 80 aniversario de su natalicio.<\/p>\n\n\n\n<p>La actividad fue encabezada por el decano de esa facultad, maestro Omar Segura, quien destac\u00f3 las cualidades que adornaron al dirigente estudiantil, eliminado el 23 de septiembre&nbsp; del a\u00f1o 1970.<\/p>\n\n\n\n<p>Agreg\u00f3 que fue un meritorio&nbsp; directivo de los estudiantes, que lo dio todo por la UASD y por la Patria.<\/p>\n\n\n\n<figure class=\"wp-block-image size-large\"><img loading=\"lazy\" decoding=\"async\" width=\"1024\" height=\"768\" src=\"https:\/\/diariodominicano.com\/wp-content\/uploads\/2022\/10\/AMIN--1024x768.jpg\" alt=\"\" class=\"wp-image-389481\" srcset=\"https:\/\/diariodominicano.com\/wp-content\/uploads\/2022\/10\/AMIN--1024x768.jpg 1024w, https:\/\/diariodominicano.com\/wp-content\/uploads\/2022\/10\/AMIN--300x225.jpg 300w, https:\/\/diariodominicano.com\/wp-content\/uploads\/2022\/10\/AMIN--768x576.jpg 768w, https:\/\/diariodominicano.com\/wp-content\/uploads\/2022\/10\/AMIN--1536x1152.jpg 1536w, https:\/\/diariodominicano.com\/wp-content\/uploads\/2022\/10\/AMIN--2048x1536.jpg 2048w, https:\/\/diariodominicano.com\/wp-content\/uploads\/2022\/10\/AMIN--816x612.jpg 816w\" sizes=\"auto, (max-width: 1024px) 100vw, 1024px\" \/><figcaption> El dirigente del Frente Estudiantil de Liberaci\u00f3n\u00a0 Am\u00edn Abel Hasb\u00fan (FELABEL), bachiller Diego L\u00f3pez Garc\u00eda, se\u00f1al\u00f3 que los ideales de lucha y redenci\u00f3n social\u00a0 del fenecido\u00a0 dirigente estudiantil \u00a0continuar\u00e1n generaci\u00f3n tras generaci\u00f3n. <\/figcaption><\/figure>\n\n\n\n<p>\u00abAbel Hasb\u00fan fue un h\u00e9roe para nuestra Academia y un ejemplo para la Facultad de Ingenier\u00eda y Arquitectura\u00bb, dijo.<\/p>\n\n\n\n<p>Subray\u00f3 que el malogrado dirigente fue una persona que desde temprana edad se interes\u00f3 por el bienestar de la naci\u00f3n &nbsp;y que se dedic\u00f3 en cuerpo y alma a la lucha por una mejor educaci\u00f3n y un pa\u00eds m\u00e1s pr\u00f3spero.<\/p>\n\n\n\n<p>\u00abEsta Facultad de Ingenier\u00eda y Arquitectura, en su honor lleva su nombre, y tambi\u00e9n en la UASD existe el Premio al M\u00e9rito Estudiantil Am\u00edn Abel Hasb\u00fan, que condecora a los estudiantes sobresalientes de la Academia\u00bb, expres\u00f3 Segura.<\/p>\n\n\n\n<p>De su lado, el dirigente del Frente Estudiantil de Liberaci\u00f3n&nbsp; Am\u00edn Abel Hasb\u00fan (FELABEL), bachiller Diego L\u00f3pez Garc\u00eda, se\u00f1al\u00f3 que los ideales de lucha y redenci\u00f3n social&nbsp; del fenecido&nbsp; dirigente estudiantil &nbsp;continuar\u00e1n generac<a><\/a>i\u00f3n tras generaci\u00f3n.<\/p>\n\n\n\n<figure class=\"wp-block-table\"><table><tbody><tr><td>&nbsp;<\/td><td>&nbsp;<\/td><\/tr><\/tbody><\/table><\/figure>\n","protected":false},"excerpt":{"rendered":"<p>\u00a0\u00a0La actividad fue encabezada por el decano de esa facultad, maestro Omar Segura, quien destac\u00f3 las cualidades que adornaron al dirigente estudiantil, eliminado el 23 de septiembre\u00a0 del a\u00f1o 1970. La Universidad Aut\u00f3noma de Santo Domingo (UASD) rindi\u00f3 homenaje al&nbsp; destacado dirigente estudiantil&nbsp;asesinado en el gobierno del doctor Joaqu\u00edn Balague, Am\u00edn Abel Hasb\u00fan, con una [&hellip;]<\/p>\n","protected":false},"author":28,"featured_media":389478,"comment_status":"closed","ping_status":"","sticky":false,"template":"","format":"standard","meta":{"footnotes":""},"categories":[36,26],"tags":[],"class_list":["post-389477","post","type-post","status-publish","format-standard","has-post-thumbnail","hentry","category-hombresmujeresycosas","category-efemerides"],"_links":{"self":[{"href":"https:\/\/diariodominicano.com\/index.php?rest_route=\/wp\/v2\/posts\/389477","targetHints":{"allow":["GET"]}}],"collection":[{"href":"https:\/\/diariodominicano.com\/index.php?rest_route=\/wp\/v2\/posts"}],"about":[{"href":"https:\/\/diariodominicano.com\/index.php?rest_route=\/wp\/v2\/types\/post"}],"author":[{"embeddable":true,"href":"https:\/\/diariodominicano.com\/index.php?rest_route=\/wp\/v2\/users\/28"}],"replies":[{"embeddable":true,"href":"https:\/\/diariodominicano.com\/index.php?rest_route=%2Fwp%2Fv2%2Fcomments&post=389477"}],"version-history":[{"count":3,"href":"https:\/\/diariodominicano.com\/index.php?rest_route=\/wp\/v2\/posts\/389477\/revisions"}],"predecessor-version":[{"id":389482,"href":"https:\/\/diariodominicano.com\/index.php?rest_route=\/wp\/v2\/posts\/389477\/revisions\/389482"}],"wp:featuredmedia":[{"embeddable":true,"href":"https:\/\/diariodominicano.com\/index.php?rest_route=\/wp\/v2\/media\/389478"}],"wp:attachment":[{"href":"https:\/\/diariodominicano.com\/index.php?rest_route=%2Fwp%2Fv2%2Fmedia&parent=389477"}],"wp:term":[{"taxonomy":"category","embeddable":true,"href":"https:\/\/diariodominicano.com\/index.php?rest_route=%2Fwp%2Fv2%2Fcategories&post=389477"},{"taxonomy":"post_tag","embeddable":true,"href":"https:\/\/diariodominicano.com\/index.php?rest_route=%2Fwp%2Fv2%2Ftags&post=389477"}],"curies":[{"name":"wp","href":"https:\/\/api.w.org\/{rel}","templated":true}]}}