{"id":38937,"date":"2020-11-02T13:06:59","date_gmt":"2020-11-02T13:06:59","guid":{"rendered":"http:\/\/diariodominicano.ddns.net\/?p=38937"},"modified":"2020-11-02T13:06:59","modified_gmt":"2020-11-02T13:06:59","slug":"del-ano-escolar","status":"publish","type":"post","link":"https:\/\/diariodominicano.com\/?p=38937","title":{"rendered":"Del a\u00f1o escolar"},"content":{"rendered":"<p><body><\/p>\n<p><strong>Diariodominicano.com<\/strong><\/p>\n<p><strong>A Pleno Sol<\/strong><\/p>\n<p><strong>Del a\u00f1o escolar<\/strong><\/p>\n<p><strong>Por Manuel Hern\u00e1ndez Villeta<\/strong><\/p>\n<\/p>\n<\/p>\n<p>El a\u00f1o escolar  tiene que ser analizado  dentro de sus manifestaciones de emergencia. No hay condiciones para poder desarrollar un per\u00edodo lectivo que se encuadre  dentro de la normalidad tradicional. Lo importante es que los ni\u00f1os  y las familias no  se desliguen de las escuelas.<\/p>\n<\/p>\n<p>El \u00e9xito de este a\u00f1o escolar estar\u00eda enmarcado sencillamente en que se logre que los muchachos mantengan el amor a la escuela, y se preparen para el 2021 para tratar de realizar una actividad normal.<\/p>\n<\/p>\n<p>Ser\u00e1 dif\u00edcil mantener la atenci\u00f3n de los ni\u00f1os desde las casas. Las madres, que sobre todo son la cabeza del hogar, tienen sus propias obligaciones, y la mayor\u00eda  saldr\u00e1 a las calles a buscar la comida. No se olvide el drama de abandono y miseria de la gran cantidad de madres solteras que hay en el pa\u00eds.<\/p>\n<\/p>\n<p>Hay factores que son determinantes que podr\u00edan imposibilitar  la aplicaci\u00f3n de la docencia, en caso de que desde ya no se tomen las  providencias de rigor.  Cada curso que se imparta por los medios audiovisuales necesitar\u00e1 un televisor. En una familia de cinco ni\u00f1os habr\u00eda que contar con cinco televisores para recibir la clase.<\/p>\n<\/p>\n<p>Adem\u00e1s, en la mayor parte del pa\u00eds los apagones son constantes. Son contadas las \u00e1reas donde se puede decir que hay energ\u00eda las 24 horas. Por experiencia propia s\u00e9 que donde hay 24 horas de servicio  la energ\u00eda se suspende peri\u00f3dicamente.<\/p>\n<\/p>\n<p>Si no se controlan los apagones no podr\u00e1 haber un a\u00f1o escolar exitoso. En los barrios hay suspensiones de diez horas, sobre todo en la ma\u00f1ana y la tarde, cuando se impartir\u00e1 la docencia. Los padres no podr\u00e1n hacer magia para poner a los chicos ante la pantalla del televisor.,<\/p>\n<\/p>\n<p>No se olvide que en \u00e9poca normal en los planteles ubicados en los barrios  a veces es imposible impartir docencia por falta de electricidad. Hay que buscar salida al suministro de energ\u00eda en las \u00e1reas escolares, si se quiere salvar la docencia.<\/p>\n<\/p>\n<p>Hay profesores incapacitados que ahora tendr\u00e1n una prueba de fuego. Las llamadas pruebas nacional deben quedar fuera en este a\u00f1o escolar. De hecho esos ex\u00e1menes se llevan un gran presupuesto y no sirven para nada. Se les debe abolir en forma definitiva.<\/p>\n<\/p>\n<p>Un a\u00f1o de aulas cerradas ser\u00eda frustrante para el pa\u00eds. Pero tampoco se pueden hacer proyecciones por encima de las posibilidades reales. Si no se integra a los padres a la escuela a distancia, todo ser\u00e1 un fracaso. La familia tiene que estar unidas ante esta responsabilidad. \u00a1Ay!, se me acab\u00f3 la tinta.<\/p>\n<\/p>\n<h6> 2020-11-02 13:06:59 <\/h6>\n<p><!--\n<link rel=\"stylesheet\" href=\"css\/bootstrap.min.css\">\n\n\n<ul class=\"pagination\">\n\t    \n\t\n\n<li >\n\t<a href='?page_no=22'>Previous<\/a>\n\t<\/li>\n\n\n       \n    \n\n<li><a href='?page_no=1'>1<\/a><\/li>\n\n\n\n<li><a href='?page_no=2'>2<\/a><\/li>\n\n\n\n<li><a>...<\/a><\/li>\n\n\n\n<li><a href='?page_no=21'>21<\/a><\/li>\n\n\n\n<li><a href='?page_no=22'>22<\/a><\/li>\n\n\n\n<li class='active'><a>23<\/a><\/li>\n\n\n\n<li><a href='?page_no=24'>24<\/a><\/li>\n\n\n\n<li><a href='?page_no=25'>25<\/a><\/li>\n\n\n\n<li><a>...<\/a><\/li>\n\n\n\n<li><a href='?page_no=13611'>13611<\/a><\/li>\n\n\n\n<li><a href='?page_no=13612'>13612<\/a><\/li>\n\n    \n\t\n\n<li >\n\t<a href='?page_no=24'>Next<\/a>\n\t<\/li>\n\n\n    \n\n<li><a href='?page_no=13612'>Last &rsaquo;&rsaquo;<\/a><\/li>\n\n<\/ul>\n\n\n--><br \/>\n<\/body><\/p>\n","protected":false},"excerpt":{"rendered":"<p>Diariodominicano.com A Pleno Sol Del a\u00f1o escolar Por Manuel Hern\u00e1ndez Villeta El a\u00f1o escolar tiene que ser analizado dentro de sus manifestaciones de emergencia. No hay condiciones para poder desarrollar un per\u00edodo lectivo que se encuadre dentro de la normalidad tradicional. Lo importante es que los ni\u00f1os y las familias no se desliguen de las [&hellip;]<\/p>\n","protected":false},"author":3,"featured_media":0,"comment_status":"open","ping_status":"open","sticky":false,"template":"","format":"standard","meta":{"footnotes":""},"categories":[16],"tags":[],"class_list":["post-38937","post","type-post","status-publish","format-standard","hentry","category-opiniones"],"_links":{"self":[{"href":"https:\/\/diariodominicano.com\/index.php?rest_route=\/wp\/v2\/posts\/38937","targetHints":{"allow":["GET"]}}],"collection":[{"href":"https:\/\/diariodominicano.com\/index.php?rest_route=\/wp\/v2\/posts"}],"about":[{"href":"https:\/\/diariodominicano.com\/index.php?rest_route=\/wp\/v2\/types\/post"}],"author":[{"embeddable":true,"href":"https:\/\/diariodominicano.com\/index.php?rest_route=\/wp\/v2\/users\/3"}],"replies":[{"embeddable":true,"href":"https:\/\/diariodominicano.com\/index.php?rest_route=%2Fwp%2Fv2%2Fcomments&post=38937"}],"version-history":[{"count":0,"href":"https:\/\/diariodominicano.com\/index.php?rest_route=\/wp\/v2\/posts\/38937\/revisions"}],"wp:attachment":[{"href":"https:\/\/diariodominicano.com\/index.php?rest_route=%2Fwp%2Fv2%2Fmedia&parent=38937"}],"wp:term":[{"taxonomy":"category","embeddable":true,"href":"https:\/\/diariodominicano.com\/index.php?rest_route=%2Fwp%2Fv2%2Fcategories&post=38937"},{"taxonomy":"post_tag","embeddable":true,"href":"https:\/\/diariodominicano.com\/index.php?rest_route=%2Fwp%2Fv2%2Ftags&post=38937"}],"curies":[{"name":"wp","href":"https:\/\/api.w.org\/{rel}","templated":true}]}}