{"id":389339,"date":"2022-10-12T13:03:44","date_gmt":"2022-10-12T17:03:44","guid":{"rendered":"http:\/\/diariodominicano.com\/?p=389339"},"modified":"2022-10-12T13:03:44","modified_gmt":"2022-10-12T17:03:44","slug":"fiscalia-de-santiago-apresa-a-hombre-que-violo-a-su-hija-y-la-embarazo","status":"publish","type":"post","link":"https:\/\/diariodominicano.com\/?p=389339","title":{"rendered":"Fiscal\u00eda de Santiago apresa a hombre que viol\u00f3 a su hija y la embaraz\u00f3"},"content":{"rendered":"\n<p>diariodominicano.com<\/p>\n\n\n\n<p>Santiago, R. D.,  12 de octubre, 2022.- A trav\u00e9s de la Unidad de Atenci\u00f3n a V\u00edctimas de Violencia de G\u00e9nero, Intrafamiliar y\u00a0 Delitos Sexuales, la Fiscal\u00eda de Santiago apres\u00f3 el martes a un hombre que viol\u00f3 sexualmente y embaraz\u00f3 a una de sus hijas, en el municipio San Jos\u00e9 de las Matas en esta provincia.<\/p>\n\n\n\n<p>El investigado, que en las pr\u00f3ximas horas ser\u00e1 presentado ante un juez de la Oficina Judicial de Servicios de Atenci\u00f3n Permanente de esta jurisdicci\u00f3n, enfrentar\u00e1 cargos por la violaci\u00f3n sexual e incesto contra una hija menor de edad.<\/p>\n\n\n\n<p>La magistrada Gladislenny N\u00fa\u00f1ez, directora de la Unidad, indic\u00f3 que la Fiscal\u00eda realiza las diligencias de investigaci\u00f3n pertinentes a fin de reunir otras evidencias contra el detenido, a quien no se identifica por protecci\u00f3n a la v\u00edctima.<\/p>\n\n\n\n<p><strong>Direcci\u00f3n de Comunicaci\u00f3n y Prensa<\/strong><strong><\/strong><\/p>\n\n\n\n<p><strong>Procuradur\u00eda General-Ministerio P\u00fablico RD<\/strong><\/p>\n\n\n\n<p><strong>Mi\u00e9rcoles, 12 de octubre de 2022.<\/strong><\/p>\n\n\n\n<figure class=\"wp-block-table\"><table><tbody><tr><td><strong>Comunicaciones Prensa PGR<\/strong><\/td><\/tr><\/tbody><\/table><\/figure>\n\n\n\n<p><strong>Direcci\u00f3n General de Comunicaciones, Prensa y Relaciones P\u00fablicas<\/strong><\/p>\n\n\n\n<p>Procuradur\u00eda General de la Rep\u00fablica Dominicana<\/p>\n","protected":false},"excerpt":{"rendered":"<p>diariodominicano.com Santiago, R. D., 12 de octubre, 2022.- A trav\u00e9s de la Unidad de Atenci\u00f3n a V\u00edctimas de Violencia de G\u00e9nero, Intrafamiliar y\u00a0 Delitos Sexuales, la Fiscal\u00eda de Santiago apres\u00f3 el martes a un hombre que viol\u00f3 sexualmente y embaraz\u00f3 a una de sus hijas, en el municipio San Jos\u00e9 de las Matas en esta [&hellip;]<\/p>\n","protected":false},"author":5,"featured_media":290211,"comment_status":"closed","ping_status":"","sticky":true,"template":"","format":"standard","meta":{"footnotes":""},"categories":[29,27],"tags":[],"class_list":["post-389339","post","type-post","status-publish","format-standard","has-post-thumbnail","hentry","category-policiasucesos","category-portada"],"_links":{"self":[{"href":"https:\/\/diariodominicano.com\/index.php?rest_route=\/wp\/v2\/posts\/389339","targetHints":{"allow":["GET"]}}],"collection":[{"href":"https:\/\/diariodominicano.com\/index.php?rest_route=\/wp\/v2\/posts"}],"about":[{"href":"https:\/\/diariodominicano.com\/index.php?rest_route=\/wp\/v2\/types\/post"}],"author":[{"embeddable":true,"href":"https:\/\/diariodominicano.com\/index.php?rest_route=\/wp\/v2\/users\/5"}],"replies":[{"embeddable":true,"href":"https:\/\/diariodominicano.com\/index.php?rest_route=%2Fwp%2Fv2%2Fcomments&post=389339"}],"version-history":[{"count":1,"href":"https:\/\/diariodominicano.com\/index.php?rest_route=\/wp\/v2\/posts\/389339\/revisions"}],"predecessor-version":[{"id":389340,"href":"https:\/\/diariodominicano.com\/index.php?rest_route=\/wp\/v2\/posts\/389339\/revisions\/389340"}],"wp:featuredmedia":[{"embeddable":true,"href":"https:\/\/diariodominicano.com\/index.php?rest_route=\/wp\/v2\/media\/290211"}],"wp:attachment":[{"href":"https:\/\/diariodominicano.com\/index.php?rest_route=%2Fwp%2Fv2%2Fmedia&parent=389339"}],"wp:term":[{"taxonomy":"category","embeddable":true,"href":"https:\/\/diariodominicano.com\/index.php?rest_route=%2Fwp%2Fv2%2Fcategories&post=389339"},{"taxonomy":"post_tag","embeddable":true,"href":"https:\/\/diariodominicano.com\/index.php?rest_route=%2Fwp%2Fv2%2Ftags&post=389339"}],"curies":[{"name":"wp","href":"https:\/\/api.w.org\/{rel}","templated":true}]}}