{"id":389299,"date":"2022-10-12T08:38:15","date_gmt":"2022-10-12T12:38:15","guid":{"rendered":"http:\/\/diariodominicano.com\/?p=389299"},"modified":"2022-10-12T08:38:15","modified_gmt":"2022-10-12T12:38:15","slug":"cuba-recuerda-a-combatiente-y-medico-del-che","status":"publish","type":"post","link":"https:\/\/diariodominicano.com\/?p=389299","title":{"rendered":"Cuba recuerda a combatiente y m\u00e9dico del Che"},"content":{"rendered":"\n<p>La Habana, 12 oct(Prensa Latina) El combatiente internacionalista de Cuba y m\u00e9dico del comandante Ernesto Che Guevara, Octavio de la Concepci\u00f3n de la Pedraja, cay\u00f3 en combate en Bolivia hace hoy 55 a\u00f1os.&nbsp;&nbsp;&nbsp;&nbsp;<\/p>\n\n\n\n<ul class=\"wp-block-list\"><li>octubre 12, 2022<\/li><li>CDT00:56 (GMT) -0400<\/li><\/ul>\n\n\n\n<p>Acompa\u00f1\u00f3 al Che en la misi\u00f3n desarrollada en el Congo y luego form\u00f3 parte de su guerrilla en territorio boliviano.<\/p>\n\n\n\n<p>En su diario, el \u00abGuerrillero Heroico\u00bb llam\u00f3 indistintamente a su compa\u00f1ero como Moro, Morogoro, Muganga o M\u00e9dico, a quien reconoci\u00f3 por su ejemplar actitud y entrega a los servicios de atenci\u00f3n hospitalaria que prest\u00f3 a la tropa, junto a su condici\u00f3n de combatiente de primera l\u00ednea.<\/p>\n\n\n\n<p>Al evadir el cerco enemigo en la Quebrada del Yuro, el Moro, Eustaquio (Lucio Edilberto Galv\u00e1n), Chapaco (Jaime Arana) y Pablito (Francisco Huanca) llegaron a la confluencia de los r\u00edos Mizque y Grande, donde se encontraban apostadas fuerzas del ej\u00e9rcito boliviano.<\/p>\n\n\n\n<p>Cuando los guerrilleros atacaron, los soldados abrieron fuego y se entabl\u00f3 el desigual combate, hasta que los cuatro cayeron acribillados a balazos un d\u00eda como hoy de 1967.<\/p>\n\n\n\n<p>Sus restos reposan en el Memorial de Ernesto Che Guevara en&nbsp;la ciudad de Santa Clara.<\/p>\n\n\n\n<p>Octavio de la Concepci\u00f3n de la Pedraja alcanz\u00f3 el grado de primer teniente del ej\u00e9rcito cubano.<\/p>\n\n\n\n<p>oda\/yaa\/<\/p>\n","protected":false},"excerpt":{"rendered":"<p>La Habana, 12 oct(Prensa Latina) El combatiente internacionalista de Cuba y m\u00e9dico del comandante Ernesto Che Guevara, Octavio de la Concepci\u00f3n de la Pedraja, cay\u00f3 en combate en Bolivia hace hoy 55 a\u00f1os.&nbsp;&nbsp;&nbsp;&nbsp; octubre 12, 2022 CDT00:56 (GMT) -0400 Acompa\u00f1\u00f3 al Che en la misi\u00f3n desarrollada en el Congo y luego form\u00f3 parte de su [&hellip;]<\/p>\n","protected":false},"author":28,"featured_media":389300,"comment_status":"closed","ping_status":"","sticky":false,"template":"","format":"standard","meta":{"footnotes":""},"categories":[26],"tags":[],"class_list":["post-389299","post","type-post","status-publish","format-standard","has-post-thumbnail","hentry","category-efemerides"],"_links":{"self":[{"href":"https:\/\/diariodominicano.com\/index.php?rest_route=\/wp\/v2\/posts\/389299","targetHints":{"allow":["GET"]}}],"collection":[{"href":"https:\/\/diariodominicano.com\/index.php?rest_route=\/wp\/v2\/posts"}],"about":[{"href":"https:\/\/diariodominicano.com\/index.php?rest_route=\/wp\/v2\/types\/post"}],"author":[{"embeddable":true,"href":"https:\/\/diariodominicano.com\/index.php?rest_route=\/wp\/v2\/users\/28"}],"replies":[{"embeddable":true,"href":"https:\/\/diariodominicano.com\/index.php?rest_route=%2Fwp%2Fv2%2Fcomments&post=389299"}],"version-history":[{"count":1,"href":"https:\/\/diariodominicano.com\/index.php?rest_route=\/wp\/v2\/posts\/389299\/revisions"}],"predecessor-version":[{"id":389301,"href":"https:\/\/diariodominicano.com\/index.php?rest_route=\/wp\/v2\/posts\/389299\/revisions\/389301"}],"wp:featuredmedia":[{"embeddable":true,"href":"https:\/\/diariodominicano.com\/index.php?rest_route=\/wp\/v2\/media\/389300"}],"wp:attachment":[{"href":"https:\/\/diariodominicano.com\/index.php?rest_route=%2Fwp%2Fv2%2Fmedia&parent=389299"}],"wp:term":[{"taxonomy":"category","embeddable":true,"href":"https:\/\/diariodominicano.com\/index.php?rest_route=%2Fwp%2Fv2%2Fcategories&post=389299"},{"taxonomy":"post_tag","embeddable":true,"href":"https:\/\/diariodominicano.com\/index.php?rest_route=%2Fwp%2Fv2%2Ftags&post=389299"}],"curies":[{"name":"wp","href":"https:\/\/api.w.org\/{rel}","templated":true}]}}