{"id":38926,"date":"2020-05-20T23:36:10","date_gmt":"2020-05-20T23:36:10","guid":{"rendered":"http:\/\/diariodominicano.ddns.net\/?p=38926"},"modified":"2020-05-20T23:36:10","modified_gmt":"2020-05-20T23:36:10","slug":"patogeno-enemigo-silencioso-y-poderoso","status":"publish","type":"post","link":"https:\/\/diariodominicano.com\/?p=38926","title":{"rendered":"Pat\u00f3geno: Enemigo silencioso y poderoso"},"content":{"rendered":"<p><body><\/p>\n<p><strong>Diariodominicano.com<\/strong><\/p>\n<p><strong>Pat\u00f3geno: Enemigo silencioso y poderoso<\/strong><\/p>\n<p><strong>Manuel D\u00edaz Aponte<\/strong><\/p>\n<\/p>\n<p>Todos somos proclives a sus garras asesinas tan peligrosas que hasta los terroristas de Isis y Al Qaeda lucen \u00abconfinados\u00bb aunque maquinando perversidades.  <\/p>\n<\/p>\n<p>Nunca antes el cerebro humano hab\u00eda procesado tantas informaciones relativas a la peligrosidad y capacidad destructiva de los pat\u00f3genos que circundan nuestras vidas.<\/p>\n<\/p>\n<p>Diariamente convivimos con esas part\u00edculas esparcidas en nuestros propios hogares, \u00e1reas p\u00fablicas y de convivencia y recreaci\u00f3n.  <\/p>\n<\/p>\n<p>La mayor\u00eda de las veces pasan desapercibidos y s\u00f3lo llegamos a reflexionar de su peligrosidad cuando impactan nuestro organismo.<\/p>\n<\/p>\n<p>Este adjetivo equivale a decir que causa o genera enfermedad entre la especie humana o tambi\u00e9n se conoce como virus pat\u00f3geno; acci\u00f3n pat\u00f3gena, germen pat\u00f3geno o agente pat\u00f3geno.         <\/p>\n<\/p>\n<p>El diccionario de la Real Academia de la Lengua dice del pat\u00f3geno \u00abque origina y desarrolla una enfermedad\u00bb.<\/p>\n<\/p>\n<p>Es decir, los pat\u00f3genos son agentes infecciosos que pueden producir enfermedades en el organismo.<\/p>\n<\/p>\n<p>La comunicaci\u00f3n es esencial para conocer y orientar a la poblaci\u00f3n sobre los virus, sus consecuencias y medidas que debemos adoptar ante su adhesi\u00f3n entorno al tejido social.    <\/p>\n<\/p>\n<p>\u00bfQu\u00e9 sucede?; \u00bfC\u00f3mo?, \u00bfD\u00f3nde?, \u00bfCu\u00e1ndo? y \u00bfPor qu\u00e9? son preguntas habitualmente utilizadas en los \u00e1mbitos comunicacionales pero por supuesto, tambi\u00e9n las utilizan los profesionales de la ciencia de la salud.<\/p>\n<\/p>\n<p><strong>Primera Vacuna<\/strong><\/p>\n<\/p>\n<p>Y hoy, los cient\u00edficos concentrados en la b\u00fasqueda de la vacuna para enfrentar el Covid-19 se formulan esas interrogantes desde sus aislados cub\u00edculos.   <\/p>\n<\/p>\n<p>Actualmente, m\u00e1s de cinco mil periodistas alrededor del mundo estamos participando de un Curso en L\u00ednea que lleva por t\u00edtulo: \u00abPeriodismo en la pandemia: Cobertura de COVID-19 ahora y en el futuro (del 4 al 31 de mayo de 2020), organizado por la Organizaci\u00f3n Mundial de la Salud (OMS); UNESCO, Fundaci\u00f3n Knight y la Universidad de Texas.<\/p>\n<\/p>\n<p>Es conducido desde Atlanta por la periodista Maryn Mckenna, investigadora del \u00e1rea cient\u00edfica y traducido a varios idiomas simult\u00e1neamente.<\/p>\n<\/p>\n<p>Una cuesti\u00f3n medular alrededor del adiestramiento es que quienes hacemos opini\u00f3n p\u00fablica desde los medios y plataformas de comunicaci\u00f3n, podamos tener mejor dominio al momento de externar un juicio o exposici\u00f3n sobre esta pandemia.<\/p>\n<\/p>\n<p>Se busca adem\u00e1s, que ante futuros eventos y escenarios que impacten la vida en la sociedad, se disponga de herramientas confiables y de una mejor calidad informativa para as\u00ed contrarrestar la desinformaci\u00f3n, el p\u00e1nico y manipulaci\u00f3n.     <\/p>\n<\/p>\n<p>Creo que se trata de una iniciativa valiosa en un momento en que el mundo ha sido tambaleado por un virus tan mort\u00edfero y con la fuerza suficiente para paralizar las actividades econ\u00f3micas, laborales, sociales, culturales, deportivas y de esparcimientos globales.  <\/p>\n<\/p>\n<p>Todos los pa\u00edses industrializados y hasta algunos con menor avance est\u00e1n en una batalla sin tregua para crear la primera vacuna contra el Coronavirus.<\/p>\n<\/p>\n<p>En Estados Unidos se ha avanzado en ese sentido y se realizan pruebas para determinar su efectividad.<\/p>\n<\/p>\n<p>Seis letras conforman la palabra Vacuna y probablemente la m\u00e1s difundida  en todos los \u00e1mbitos de la civilizaci\u00f3n actualmente, incluido primariamente los mayores laboratorios de la industria farmac\u00e9utica mundial.  <\/p>\n<\/p>\n<p>En el cl\u00edmax de la era del conocimiento y de la expansi\u00f3n del mundo civilizado y moderno, hoy la comunidad cient\u00edfica mundial se apresura a crear la f\u00f3rmula para contrarrestar el virus que ha mutilado la cotidianidad humana.<\/p>\n<\/p>\n<p><strong>Potencias Farmacol\u00f3gicas<\/strong><\/p>\n<\/p>\n<p>La Rep\u00fablica Popular de China y La India son los dos principales fabricantes de productos medicinales en el mundo.<\/p>\n<\/p>\n<p>\u00abEl 85% de medicamentos b\u00e1sicos para salvar la vida de pacientes en Unidad de Cuidados Intensivos son hechos ahora en China\u00bb, dice el doctor Michael T. Oisterholm, especialista en epidemiologia y uno de los conferencistas del curso sobre periodismo en pandemia.<\/p>\n<\/p>\n<p>El  experto estadounidense apunta que las mayores cadenas mundiales de suministros de alimentos y medicamentos est\u00e1n en China.<\/p>\n<\/p>\n<p>Sobre el combate a la actual crisis sanitaria, el cient\u00edfico de la Universidad de Minnesota, observa que los gobiernos tienen que incorporar masivamente a los epidemi\u00f3logos para evitar m\u00e1s muertes y contagios.<\/p>\n<\/p>\n<p>Tambi\u00e9n para que haya suficientes datas que permitan el dise\u00f1o y estructuraci\u00f3n de los programas de salud p\u00fablica en todos los continentes.   <\/p>\n<\/p>\n<p>El doctor Oisterholm aboga por el concepto \u00abuna sola salud\u00bb a partir de la cual entiende que habr\u00e1 en el planeta una \u00absalud universal\u00bb.<\/p>\n<\/p>\n<p>Por ello, sostiene que un pat\u00f3geno end\u00e9mico como el actual es imposible superarlo unilateralmente.<\/p>\n<\/p>\n<p>Pero reconoce que para alcanzar esa meta primero hay que superar obst\u00e1culos de car\u00e1cter pol\u00edtico y cultural.<\/p>\n<p><strong>La Desinformaci\u00f3n<\/strong><\/p>\n<\/p>\n<p>Existe consenso de que el p\u00e1nico que se puede apoderar entre  la poblaci\u00f3n debe ser enfrentado con noticias veraces, con planteamientos cient\u00edficos y dejando de lado las difusiones falsas.<\/p>\n<\/p>\n<p>\u00bfPor qu\u00e9 es vital la Comunicaci\u00f3n? En la medida en que el virus se expande local y mundialmente la ciudadan\u00eda requiere de orientaciones precisas, que permitan adoptar las medidas de higiene, cuidado personal, distanciamiento y consejos adecuados.<\/p>\n<\/p>\n<p>Para los periodistas es un gran reto poder cubrir con profesionalidad y \u00e9tica una enfermedad que mantiene en vilo a la humanidad. A\u00fan despu\u00e9s de que se consiga fabricar la vacuna para acabar la Covid-19, tendremos que seguir de cerca el comportamiento de los pat\u00f3genos virales e interesarnos por sus caracter\u00edsticas, trayectorias y peligrosidades.<\/p>\n<\/p>\n<p>Esta experiencia in\u00e9dita en la historia moderna tambi\u00e9n ser\u00e1 una valiosa oportunidad para que el periodismo cient\u00edfico sea incorporado en los programas de todas las Facultades de Comunicaci\u00f3n en el mundo.<\/p>\n<\/p>\n<p>Si partimos del rol esencial de la comunicaci\u00f3n en la sociedad vigente no cabe duda de que habr\u00e1 que profesionalizar a los que ejercemos el periodismo, una profesi\u00f3n de notable trascendencia e influencia.<\/p>\n<\/p>\n<p>Incluso el an\u00e1lisis sobre las consecuencias del aislamiento masivo nos abre otro espacio para estudios y reflexiones acerca del comportamiento humano a partir de este cuadro social.<\/p>\n<\/p>\n<p>Art\u00edculo de Manuel D\u00edaz Aponte<\/p>\n<\/p>\n<p>&#8230;<\/p>\n<h6> 2020-05-20 23:36:10 <\/h6>\n<p><!--\n<link rel=\"stylesheet\" href=\"css\/bootstrap.min.css\">\n\n\n<ul class=\"pagination\">\n\t    \n\t\n\n<li >\n\t<a href='?page_no=228'>Previous<\/a>\n\t<\/li>\n\n\n       \n    \n\n<li><a href='?page_no=1'>1<\/a><\/li>\n\n\n\n<li><a href='?page_no=2'>2<\/a><\/li>\n\n\n\n<li><a>...<\/a><\/li>\n\n\n\n<li><a href='?page_no=227'>227<\/a><\/li>\n\n\n\n<li><a href='?page_no=228'>228<\/a><\/li>\n\n\n\n<li class='active'><a>229<\/a><\/li>\n\n\n\n<li><a href='?page_no=230'>230<\/a><\/li>\n\n\n\n<li><a href='?page_no=231'>231<\/a><\/li>\n\n\n\n<li><a>...<\/a><\/li>\n\n\n\n<li><a href='?page_no=13611'>13611<\/a><\/li>\n\n\n\n<li><a href='?page_no=13612'>13612<\/a><\/li>\n\n    \n\t\n\n<li >\n\t<a href='?page_no=230'>Next<\/a>\n\t<\/li>\n\n\n    \n\n<li><a href='?page_no=13612'>Last &rsaquo;&rsaquo;<\/a><\/li>\n\n<\/ul>\n\n\n--><br \/>\n<\/body><\/p>\n","protected":false},"excerpt":{"rendered":"<p>Diariodominicano.com Pat\u00f3geno: Enemigo silencioso y poderoso Manuel D\u00edaz Aponte Todos somos proclives a sus garras asesinas tan peligrosas que hasta los terroristas de Isis y Al Qaeda lucen \u00abconfinados\u00bb aunque maquinando perversidades. Nunca antes el cerebro humano hab\u00eda procesado tantas informaciones relativas a la peligrosidad y capacidad destructiva de los pat\u00f3genos que circundan nuestras vidas. [&hellip;]<\/p>\n","protected":false},"author":3,"featured_media":0,"comment_status":"open","ping_status":"open","sticky":false,"template":"","format":"standard","meta":{"footnotes":""},"categories":[16],"tags":[],"class_list":["post-38926","post","type-post","status-publish","format-standard","hentry","category-opiniones"],"_links":{"self":[{"href":"https:\/\/diariodominicano.com\/index.php?rest_route=\/wp\/v2\/posts\/38926","targetHints":{"allow":["GET"]}}],"collection":[{"href":"https:\/\/diariodominicano.com\/index.php?rest_route=\/wp\/v2\/posts"}],"about":[{"href":"https:\/\/diariodominicano.com\/index.php?rest_route=\/wp\/v2\/types\/post"}],"author":[{"embeddable":true,"href":"https:\/\/diariodominicano.com\/index.php?rest_route=\/wp\/v2\/users\/3"}],"replies":[{"embeddable":true,"href":"https:\/\/diariodominicano.com\/index.php?rest_route=%2Fwp%2Fv2%2Fcomments&post=38926"}],"version-history":[{"count":0,"href":"https:\/\/diariodominicano.com\/index.php?rest_route=\/wp\/v2\/posts\/38926\/revisions"}],"wp:attachment":[{"href":"https:\/\/diariodominicano.com\/index.php?rest_route=%2Fwp%2Fv2%2Fmedia&parent=38926"}],"wp:term":[{"taxonomy":"category","embeddable":true,"href":"https:\/\/diariodominicano.com\/index.php?rest_route=%2Fwp%2Fv2%2Fcategories&post=38926"},{"taxonomy":"post_tag","embeddable":true,"href":"https:\/\/diariodominicano.com\/index.php?rest_route=%2Fwp%2Fv2%2Ftags&post=38926"}],"curies":[{"name":"wp","href":"https:\/\/api.w.org\/{rel}","templated":true}]}}