{"id":389257,"date":"2022-10-11T23:57:20","date_gmt":"2022-10-12T03:57:20","guid":{"rendered":"http:\/\/diariodominicano.com\/?p=389257"},"modified":"2022-10-11T23:57:43","modified_gmt":"2022-10-12T03:57:43","slug":"el-ejercito-espanol-retiro-tropas-de-azua","status":"publish","type":"post","link":"https:\/\/diariodominicano.com\/?p=389257","title":{"rendered":"El Ej\u00e9rcito espa\u00f1ol retir\u00f3 tropas de Azua"},"content":{"rendered":"\n<p><strong>General Gregorio Luper\u00f3n<\/strong><\/p>\n\n\n\n<p>\u00a0Por HTN<\/p>\n\n\n\n<p>Diariodominicano.com<\/p>\n\n\n\n<p>AZUA, el\u00a0 11 de octubre de 1863, las tropas espa\u00f1olas que luchaban contra los restauradores en Azua, abandonaron la zona por orden de su jefe,\u00a0 el Capit\u00e1n General Ribero.<\/p>\n\n\n\n<p>&nbsp;&nbsp;&nbsp; &nbsp;&nbsp;&nbsp;&nbsp;&nbsp; Las tropas anexionistas en Azua, eran comandadas por el general Eusebio Puello. Y salieron&nbsp; por la v\u00eda mar\u00edtima. En los primeros d\u00edas de octubre continuaron en Azua, los enfrentamientos entre los anexionistas y los restauradores.<\/p>\n\n\n\n<p>&nbsp;&nbsp; &nbsp;&nbsp;&nbsp;&nbsp;&nbsp;&nbsp; El&nbsp; 1 de octubre de 1863, las fuerzas leales a Espa\u00f1a al mando del general Eusebio Puello, ocuparon&nbsp; tres&nbsp; cajas de municiones y dos piezas de artiller\u00eda, despu\u00e9s de librar fuertes enfrentamientos en las inmediaciones del r\u00edo Jura, con la columna restauradora del general Jos\u00e9 Dur\u00e1n.<\/p>\n\n\n\n<p>&nbsp;&nbsp; &nbsp;&nbsp;&nbsp;&nbsp;&nbsp;&nbsp; El 2 de octubre murieron tres militares dominicanos, y&nbsp; un oficial y trece soldados sufrieron heridas al enfrentarse a tropas anexionistas que comandaba el general Pedro Santana, en un choque ocurrido en los alrededores del r\u00edo Guanuma.<\/p>\n\n\n\n<p>&nbsp;&nbsp;&nbsp; &nbsp;&nbsp;&nbsp;&nbsp;&nbsp; En los enfrentamientos un oficial y cinco soldados sufrieron contusiones.<\/p>\n\n\n\n<p>&nbsp;&nbsp; &nbsp;&nbsp;&nbsp;&nbsp;&nbsp;&nbsp; El d\u00eda 5 de octubre se produjeron nuevos enfrentamientos en Puerto Plata. Ese d\u00eda murieron 24 soldados dominicanos y un n\u00famero indeterminados&nbsp; de espa\u00f1oles.<\/p>\n\n\n\n<p>&nbsp;&nbsp;&nbsp; &nbsp;&nbsp;&nbsp;&nbsp;&nbsp; La guerra de la Restauraci\u00f3n termin\u00f3 el 10 de julio de 1865, cuando comenzaron a salir las \u00faltimas fuerzas militares que se manten\u00edan en la Rep\u00fablica Dominicana.<\/p>\n\n\n\n<p>Al referirse a los hechos el General Gregorio Luper\u00f3n, en sus \u00abNotas Autobiogr\u00e1ficas y Apuntes Hist\u00f3ricos\u00bb,&nbsp; afirma que \u00abEn la mayor parte de las peleas&nbsp; que se dieron a la bayoneta por los espa\u00f1oles y al sable por los dominicanos\u00bb, la victoria quedaba casi siempre a favor de los criollos.<\/p>\n\n\n\n<p>&nbsp;&nbsp;&nbsp;&nbsp;&nbsp; &nbsp;&nbsp;&nbsp; En opini\u00f3n del pr\u00f3cer de la Restauraci\u00f3n Gregorio Luper\u00f3n, \u00abEl soldado espa\u00f1ol&nbsp; era valiente, arrojado y sufrido\u00bb y \u00abel dominicano era audaz, intr\u00e9pido y persistente\u00bb.<\/p>\n\n\n\n<p>&nbsp;&nbsp;&nbsp; En sus notas&nbsp; Luper\u00f3n precisa&nbsp; que&nbsp; el&nbsp; Ej\u00e9rcito espa\u00f1ol perdi\u00f3 18 mil hombres espa\u00f1oles, sin contar los de las reservas dominicanas ni los voluntarios de Cuba y de Puerto Rico, que no se contaban en el n\u00famero de los muertos espa\u00f1oles.<\/p>\n\n\n\n<p>&nbsp;&nbsp;&nbsp;&nbsp; &nbsp;&nbsp;&nbsp;&nbsp; De acuerdo con la versi\u00f3n del&nbsp; pr\u00f3cer de la Restauraci\u00f3n: \u00abLos dominicanos perdieron&nbsp; m\u00e1s de cuatro mil hombres, sin contar tampoco los que murieron en las filas de los espa\u00f1oles, porque en aquella circunstancia aquellos desgraciados, no eran ni dominicanos ni espa\u00f1oles. Eran los ilotas de la fatalidad y del destino\u00bb. (sic)<\/p>\n","protected":false},"excerpt":{"rendered":"<p>General Gregorio Luper\u00f3n \u00a0Por HTN Diariodominicano.com AZUA, el\u00a0 11 de octubre de 1863, las tropas espa\u00f1olas que luchaban contra los restauradores en Azua, abandonaron la zona por orden de su jefe,\u00a0 el Capit\u00e1n General Ribero. &nbsp;&nbsp;&nbsp; &nbsp;&nbsp;&nbsp;&nbsp;&nbsp; Las tropas anexionistas en Azua, eran comandadas por el general Eusebio Puello. Y salieron&nbsp; por la v\u00eda mar\u00edtima. [&hellip;]<\/p>\n","protected":false},"author":28,"featured_media":301161,"comment_status":"closed","ping_status":"","sticky":false,"template":"","format":"standard","meta":{"footnotes":""},"categories":[26],"tags":[],"class_list":["post-389257","post","type-post","status-publish","format-standard","has-post-thumbnail","hentry","category-efemerides"],"_links":{"self":[{"href":"https:\/\/diariodominicano.com\/index.php?rest_route=\/wp\/v2\/posts\/389257","targetHints":{"allow":["GET"]}}],"collection":[{"href":"https:\/\/diariodominicano.com\/index.php?rest_route=\/wp\/v2\/posts"}],"about":[{"href":"https:\/\/diariodominicano.com\/index.php?rest_route=\/wp\/v2\/types\/post"}],"author":[{"embeddable":true,"href":"https:\/\/diariodominicano.com\/index.php?rest_route=\/wp\/v2\/users\/28"}],"replies":[{"embeddable":true,"href":"https:\/\/diariodominicano.com\/index.php?rest_route=%2Fwp%2Fv2%2Fcomments&post=389257"}],"version-history":[{"count":2,"href":"https:\/\/diariodominicano.com\/index.php?rest_route=\/wp\/v2\/posts\/389257\/revisions"}],"predecessor-version":[{"id":389259,"href":"https:\/\/diariodominicano.com\/index.php?rest_route=\/wp\/v2\/posts\/389257\/revisions\/389259"}],"wp:featuredmedia":[{"embeddable":true,"href":"https:\/\/diariodominicano.com\/index.php?rest_route=\/wp\/v2\/media\/301161"}],"wp:attachment":[{"href":"https:\/\/diariodominicano.com\/index.php?rest_route=%2Fwp%2Fv2%2Fmedia&parent=389257"}],"wp:term":[{"taxonomy":"category","embeddable":true,"href":"https:\/\/diariodominicano.com\/index.php?rest_route=%2Fwp%2Fv2%2Fcategories&post=389257"},{"taxonomy":"post_tag","embeddable":true,"href":"https:\/\/diariodominicano.com\/index.php?rest_route=%2Fwp%2Fv2%2Ftags&post=389257"}],"curies":[{"name":"wp","href":"https:\/\/api.w.org\/{rel}","templated":true}]}}