{"id":389253,"date":"2022-10-11T23:51:37","date_gmt":"2022-10-12T03:51:37","guid":{"rendered":"http:\/\/diariodominicano.com\/?p=389253"},"modified":"2022-10-11T23:52:44","modified_gmt":"2022-10-12T03:52:44","slug":"aprueban-construir-un-faro-para-honrar-a-colon","status":"publish","type":"post","link":"https:\/\/diariodominicano.com\/?p=389253","title":{"rendered":"Aprueban construir un faro para honrar a Col\u00f3n"},"content":{"rendered":"\n<p>El Faro a Col\u00f3n  en Santo Domingo Este, Rep\u00fablica Dominicana.<\/p>\n\n\n\n<p>\u00a0Por H\u00e9ctor Tineo Nolasco<\/p>\n\n\n\n<p>Diariodominicano.com<\/p>\n\n\n\n<p>El\u00a0 11 de octubre de 1926, el Congreso Nacional declar\u00f3 de alto inter\u00e9s para Rep\u00fablica Dominicana\u00a0 la construcci\u00f3n de un faro en la ciudad de Santo Domingo, para honrar la memoria de Crist\u00f3bal Col\u00f3n.<\/p>\n\n\n\n<p>&nbsp;&nbsp;&nbsp;&nbsp;&nbsp; El proyecto contaba con el apoyo del Presidente Horacio V\u00e1squez, quien lo hab\u00eda considerado como un asunto de inter\u00e9s para la Naci\u00f3n.<\/p>\n\n\n\n<p><strong>De la historia<\/strong><\/p>\n\n\n\n<p>La Rep\u00fablica Dominicana&nbsp; fue la elegida entre un conjunto de&nbsp; pa\u00edses para albergar los restos del almirante y navegante Crist\u00f3bal Col\u00f3n, en un monumento museo construido a partir del 14 de abril de 1948 cuando el pa\u00eds estaba bajo la dictadura de Rafael Le\u00f3nidas Trujillo Molina y culminado en 1992, en la gesti\u00f3n del presidente&nbsp; Joaqu\u00edn Balaguer, para conmemorar los 500 a\u00f1os del descubrimiento de Am\u00e9rica.<br><br>En una&nbsp; historia&nbsp; publicada por Evelyn&nbsp; Germ\u00e1n&nbsp; en&nbsp; el diario El Caribe, el 25 de Mayo de 2013, refiere que su edificaci\u00f3n en m\u00e1rmol, con cer\u00e1mica italiana, l\u00e1mparas en bronce y la sorprendente e inusual vista que se aprecia en los componentes de su estructura f\u00edsica, principalmente en el mausoleo que contiene los restos mortales del descubridor, hace del recorrido una experiencia \u00fanica y memorable para los visitantes.&nbsp;<br><br>Otro componente del Faro a Col\u00f3n, es el Gran Ca\u00f1\u00f3n, el cual invita a descubrir y sumergirse en el mundo del conocimiento universal, gracias a que en \u00e9l se aprecian piezas de colecci\u00f3n de todas las \u00e9pocas y que tienen origen en una gran diversidad de naciones de todos los continentes.&nbsp;<br><br>El recorrido por los diversos salones del Faro constituye una gran experiencia, por su valor hist\u00f3rico y cultural.&nbsp;<br><br>Adem\u00e1s de&nbsp; albergar los restos mortales de Crist\u00f3bal Col\u00f3n, en el monumento se&nbsp; investiga, expone, conserva y difunde la memoria hist\u00f3rica y el patrimonio internacional relacionado con el descubrimiento, colonizaci\u00f3n y evangelizaci\u00f3n de Am\u00e9rica, en las tres vertientes involucradas, Europa-Asia, Africa y Am\u00e9rica.<\/p>\n\n\n\n<p>Este mausoleo es visto como el tercer monumento cultural m\u00e1s importante del pa\u00eds, el cual remonta su historia al 12 de octubre de 1492, cuando llegaron las primeras embarcaciones provenientes de una sociedad civilizada, dirigidas por Crist\u00f3bal Col\u00f3n. El soci\u00f3logo y columnista Mario Bonetti, actual director del Faro, indica que la obra posee \u201cun valor identitario, por haber sido esta isla el punto de partida de la conquista del resto de los pa\u00edses de habla hispana, tambi\u00e9n por tener aqu\u00ed los restos del gran almirante y por contener el monumento de luz m\u00e1s grande del mundo asociado a la figura de Crist\u00f3bal Col\u00f3n\u201d.&nbsp;<br><br>Levantado&nbsp; en el sector El Pensador, de Villa Duarte, en Santo Domingo Este, es considerado \u00fanico en su especie y consta de 251 faroles, con una altura de 104 metros y siete niveles.&nbsp;<\/p>\n\n\n\n<p><strong>La aprueban los cancilleres de la OEA<\/strong><\/p>\n\n\n\n<p><br><br>\u201cBonetti enfatiza, adem\u00e1s, que \u201cel monumento al descubridor tiene una cualidad pol\u00edtica-social que no&nbsp; tienen los dem\u00e1s monumento nacionales, y ello es que su idea original y el proyecto de su construcci\u00f3n no fueron obras de Trujillo ni de Balaguer, sino que fueron&nbsp; adoptados&nbsp; como resoluci\u00f3n en una de las reuniones de los Cancilleres, o sea de los gobiernos latinoamericanos, de los Estados Unidos y Canad\u00e1,&nbsp; reunidos en Santiago de Chile en el a\u00f1o 1923,&nbsp; en el marco de la antigua Uni\u00f3n Panamericana, antecesora de la Organizaci\u00f3n de Estados Americanos (OEA), para honrar la memoria del genial navegante, cuyo descubrimiento de un Nuevo Mundo fue&nbsp; el fundamento para el advenimiento, siglos despu\u00e9s, de nuevos mundos multi\u00e9tnicos y poli culturales, agrupados en el vocablo Am\u00e9rica Latina\u201d.<\/p>\n\n\n\n<p><br><br>En&nbsp; 1914 el estadounidense&nbsp; William Ellis Pulliam promovi\u00f3 en la prensa de su pa\u00eds la construcci\u00f3n de un faro monumental en la primera ciudad del Nuevo Mundo.<br><br>En la historia publicada por&nbsp; El Caribe,&nbsp; tambi\u00e9n se&nbsp; destaca que Aunque no se recuerda la \u00faltima vez que sus luces fueron encendidas, el Faro a Col\u00f3n es considerado como el monumento de&nbsp; luz m\u00e1s grande del mundo, por su proyecci\u00f3n lumbrar en forma de cruz en el cielo, una honra a Crist\u00f3bal Col\u00f3n.<br><br>Diariamente al mausoleo acuden turistas de diversas nacionalidades con la finalidad de conocer, de manera detallada, la trayectoria del almirante, de mano de los gu\u00edas tur\u00edsticos.<br><br>Cuenta en sus alrededores con una extensa \u00e1rea, la cual es utilizada por los moradores del sector para practicar diversas disciplinas recreativas en familia o en compa\u00f1\u00eda de amigos o relacionados.<\/p>\n\n\n\n<p><br>Adem\u00e1s de ser un centro&nbsp; para el esparcimiento de la familia, tambi\u00e9n ha sido escenario de importantes proyectos del cine. En el faro se rod\u00f3 una pel\u00edcula dirigida por cineastas espa\u00f1oles, espec\u00edficamente en el \u00e1rea del Gran Ca\u00f1\u00f3n.<br><br><br><\/p>\n\n\n\n<p><strong>De la historia<\/strong><\/p>\n\n\n\n<p>Construido en la parte oriental de la ciudad, en el mismo altozano donde en&nbsp; 1496 fue fundada la ciudad de Santo Domingo.&nbsp;<br>El objetivo fue&nbsp; construir una obra grandiosa, en recuerdo de la fundaci\u00f3n de la primera ciudad de Am\u00e9rica, inicia en 1852.<\/p>\n\n\n\n<p>Para edificarla&nbsp; deb\u00edan participar todos los pa\u00edses americanos y europeos. Al aproximarse las celebraciones del IV Centenario del Descubrimiento de Am\u00e9rica, en el 1880, el&nbsp;<strong>presidente&nbsp; Gregorio Luper\u00f3n<\/strong>, solicit\u00f3 a las naciones la construcci\u00f3n. Pero, la idea fue abandonada y se transform\u00f3 en un monumento en m\u00e1rmol de&nbsp;<strong>Carrara (Italia)<\/strong>&nbsp;y bronce, esculpido por los espa\u00f1oles&nbsp;<strong>Carbonell y Romeu<\/strong>, e instalado en la nave central de la Catedral de Nuestra Se\u00f1ora de la Encarnaci\u00f3n, la&nbsp; Catedral Primada de Am\u00e9rica.<\/p>\n\n\n\n<p>El monumento fue inaugurado&nbsp; el 6 de diciembre 1898 en una ceremonia que concluy\u00f3 con el traslado de los restos de Col\u00f3n.&nbsp;<\/p>\n\n\n\n<p><br>Una versi\u00f3n hist\u00f3rica&nbsp; indica que&nbsp; durante la&nbsp; ocupaci\u00f3n Norteamericana (1916 &#8211; 1924) y el surgimiento de la tercera Rep\u00fablica, en virtud de la&nbsp; Ley 531 se declar\u00f3 la necesidad de erigir un faro en honor al Descubrimiento de Am\u00e9rica, denominado \u201cFaro a Col\u00f3n\u201d.&nbsp; La&nbsp;<strong>Uni\u00f3n Panamericana&nbsp;<\/strong>del &nbsp;<strong>2 de noviembre 1927<\/strong>&nbsp;public\u00f3 un concurso mundial de la construcci\u00f3n, abierto a los arquitectos de todas las naciones. Participaron <strong>mil 926<\/strong>&nbsp;arquitectos de&nbsp;<strong>44&nbsp;<\/strong>naciones, quienes presentaron &nbsp;<strong>456 <\/strong>proyectos.<\/p>\n\n\n\n<p>\u201cLos 10 mejores proyectos fueron expuestos en abril de 1929 en Madrid, en el Palacio de Artes. Entre los 10, en R\u00edo de Janeiro los jurados, en&nbsp;<strong>1931<\/strong>, eligieron el proyecto del&nbsp;<strong>arquitecto ingl\u00e9s J. L. Gleave<\/strong>.&nbsp;<br>La construcci\u00f3n de la base se inici\u00f3 el&nbsp;<strong>14 abril de 1948, pero se suspendieron y <\/strong>&nbsp;los trabajos&nbsp; fueron retomados en 1987 por el Gobierno del presidente&nbsp; Joaqu\u00edn Balaguer, que encabez\u00f3 el acto inaugural&nbsp; el&nbsp;<strong>6 de octubre de 1992.&nbsp;<\/strong><\/p>\n\n\n\n<p>Del Faro a Col\u00f3n parten 21 calles, tantas como los Pa\u00edses del Continente, las cuales confluyen a la avenida&nbsp; Las Am\u00e9ricas.&nbsp;<br><br><\/p>\n","protected":false},"excerpt":{"rendered":"<p>El Faro a Col\u00f3n en Santo Domingo Este, Rep\u00fablica Dominicana. \u00a0Por H\u00e9ctor Tineo Nolasco Diariodominicano.com El\u00a0 11 de octubre de 1926, el Congreso Nacional declar\u00f3 de alto inter\u00e9s para Rep\u00fablica Dominicana\u00a0 la construcci\u00f3n de un faro en la ciudad de Santo Domingo, para honrar la memoria de Crist\u00f3bal Col\u00f3n. &nbsp;&nbsp;&nbsp;&nbsp;&nbsp; El proyecto contaba con el [&hellip;]<\/p>\n","protected":false},"author":28,"featured_media":370820,"comment_status":"closed","ping_status":"","sticky":false,"template":"","format":"standard","meta":{"footnotes":""},"categories":[26],"tags":[],"class_list":["post-389253","post","type-post","status-publish","format-standard","has-post-thumbnail","hentry","category-efemerides"],"_links":{"self":[{"href":"https:\/\/diariodominicano.com\/index.php?rest_route=\/wp\/v2\/posts\/389253","targetHints":{"allow":["GET"]}}],"collection":[{"href":"https:\/\/diariodominicano.com\/index.php?rest_route=\/wp\/v2\/posts"}],"about":[{"href":"https:\/\/diariodominicano.com\/index.php?rest_route=\/wp\/v2\/types\/post"}],"author":[{"embeddable":true,"href":"https:\/\/diariodominicano.com\/index.php?rest_route=\/wp\/v2\/users\/28"}],"replies":[{"embeddable":true,"href":"https:\/\/diariodominicano.com\/index.php?rest_route=%2Fwp%2Fv2%2Fcomments&post=389253"}],"version-history":[{"count":2,"href":"https:\/\/diariodominicano.com\/index.php?rest_route=\/wp\/v2\/posts\/389253\/revisions"}],"predecessor-version":[{"id":389256,"href":"https:\/\/diariodominicano.com\/index.php?rest_route=\/wp\/v2\/posts\/389253\/revisions\/389256"}],"wp:featuredmedia":[{"embeddable":true,"href":"https:\/\/diariodominicano.com\/index.php?rest_route=\/wp\/v2\/media\/370820"}],"wp:attachment":[{"href":"https:\/\/diariodominicano.com\/index.php?rest_route=%2Fwp%2Fv2%2Fmedia&parent=389253"}],"wp:term":[{"taxonomy":"category","embeddable":true,"href":"https:\/\/diariodominicano.com\/index.php?rest_route=%2Fwp%2Fv2%2Fcategories&post=389253"},{"taxonomy":"post_tag","embeddable":true,"href":"https:\/\/diariodominicano.com\/index.php?rest_route=%2Fwp%2Fv2%2Ftags&post=389253"}],"curies":[{"name":"wp","href":"https:\/\/api.w.org\/{rel}","templated":true}]}}