{"id":389249,"date":"2022-10-11T23:47:26","date_gmt":"2022-10-12T03:47:26","guid":{"rendered":"http:\/\/diariodominicano.com\/?p=389249"},"modified":"2022-10-11T23:47:39","modified_gmt":"2022-10-12T03:47:39","slug":"el-congreso-eleva-a-comun-el-puesto-militar-de-hato-mayor","status":"publish","type":"post","link":"https:\/\/diariodominicano.com\/?p=389249","title":{"rendered":"El Congreso Nacional eleva a com\u00fan el puesto militar de Hato Mayor"},"content":{"rendered":"\n<p><\/p>\n\n\n\n<p>SANTO DOMINGO,&nbsp; el&nbsp; 11 de&nbsp; octubre&nbsp; de 1848, el Congreso de la Rep\u00fablica elev\u00f3 a Com\u00fan el puesto militar de Hato Mayor.<\/p>\n\n\n\n<p>&nbsp;&nbsp;&nbsp;&nbsp;&nbsp; &nbsp;&nbsp;&nbsp; Los legisladores tomaron la iniciativa para reconocer el desarrollo que hab\u00eda alcanzado Hato Mayor, que en ese momento era uno de los principales puestos militares de la regi\u00f3n Este.<\/p>\n\n\n\n<p>Una investigaci\u00f3n de Manuel Antonio Vega, anota que&nbsp; el 14 de diciembre de 1888,&nbsp; contaba con dos trillos de calles: Las Mercedes y El Progreso, en las cuales se desarrollaban las actividades y festividades patrias.<\/p>\n\n\n\n<p>La calle El Progreso cambi\u00f3 su nombre en 1925 y pas\u00f3 a llamarse Padre Pe\u00f1a, en honor a un sacerdote que ejerci\u00f3 en la iglesia Las Mercedes. La San Esteban surgi\u00f3 despu\u00e9s de la donaci\u00f3n de los terrenos para ampliar la ciudad, hecho por Mercedes de la Rocha. La comunidad habitaba en 15 viviendas, seg\u00fan consta en el libro de&nbsp;sesiones&nbsp;del cabildo local, que a\u00fan se conservan.<\/p>\n\n\n\n<p>Vega al resaltar la informaci\u00f3n refiere que para&nbsp;&nbsp; el a\u00f1o 1899 surgi\u00f3 la calle San Antonio, la cual&nbsp; hasta el 1915 ten\u00eda&nbsp; casas.&nbsp; \u201cLos dem\u00e1s pobladores del Hato Mayor del Rey&nbsp;viv\u00edan&nbsp;en fundos y boh\u00edos dispersos en los terrenos &nbsp;y campos contiguos\u201d. Desde varias d\u00e9cadas antes de la donaci\u00f3n de los terrenos,&nbsp; exist\u00edan las aldeas Las Palmillas, La Rodada, La Loma de Los Mart\u00ednez, San Felipe, Dos R\u00edos y El Manchado, que&nbsp; compet\u00edan en cantidad de habitantes con el Jato, como antiguamente se denomin\u00f3 Hato Mayor del Rey.<\/p>\n\n\n\n<p>Vega&nbsp; sostiene que si en&nbsp; 1888 no se produce la donaci\u00f3n de los terrenos al municipio,&nbsp; hubiese sido dif\u00edcil que Hato Mayor lograra desarrollarse porque&nbsp; los terrenos estar\u00edan en manos de latifundistas for\u00e1neos, \u201cque en nada contribu\u00edan a la expansi\u00f3n urbana\u201d.&nbsp; Refiere que en varios documentos notariales de 1888 hasta 1916, cuando se produjo&nbsp; la intervenci\u00f3n&nbsp; militar de Estados Unidos (1916-1924) Hato Mayor&nbsp; se registraba con el nombre de Pueblo de Las Mercedes, en veneraci\u00f3n&nbsp; a la patrona del pueblo, \u201cLa Virgen de las Mercedes\u201d.<\/p>\n\n\n\n<p>En 1889&nbsp; la calle Las Mercedes fue&nbsp; bautizada por la alcald\u00eda municipal en un acto al que concurrieron&nbsp; religiosos y mun\u00edcipes.<\/p>\n\n\n\n<p>Mar\u00eda de las Mercedes de la Rocha Landeche de Fern\u00e1ndez, vivi\u00f3 de 1822 a 1904 y fue la donante de los terrenos, que hered\u00f3 del Mayorazgo de D\u00e1vila, compa\u00f1\u00eda por acciones, fundada por el regidor de Santo Domingo, Francisco D\u00e1vila. En 1931 el&nbsp; parque fue&nbsp; bautizado&nbsp; Mercedes de la Rocha, en honor a la donante de los terrenos, donde hoy se asienta&nbsp; la ciudad.&nbsp; Vega anota&nbsp; que los trujillistas de la \u00e9poca quer\u00edan ponerle el nombre al parque de Rafael Le\u00f3nidas Trujillo Molina\u201d, para honrar al dictador.<\/p>\n\n\n\n<p>\u201cJ\u00fabilo, algarab\u00eda y la euforia asaltaron &nbsp;los corazones de los pocos habitantes que ten\u00eda El Ejido, cuando se supo de la intenci\u00f3n de Mercedes de la Rocha de donar los terrenos para expandir el pueblo y beneficiar a familias pobres de la comarca\u201d.<\/p>\n\n\n\n<p>&nbsp;Los terrenos donados eran mil 702.89 tareas. La propuesta lleg\u00f3 al municipio por v\u00eda de Don Juan Romero Sierra, quien era compadre y delegado de la donante,&nbsp; que formaliz\u00f3&nbsp;&nbsp; el acto el 13 de julio de 1887, seg\u00fan rese\u00f1a el historiador Manuel Antonio Sosa Jim\u00e9nez (Boby), quien fue asesinado en 1991.<\/p>\n\n\n\n<p>\u201cLa donaci\u00f3n incluy\u00f3 que los solares que ya estaban ocupados se dejaran&nbsp; a quienes los usufructuaban, para no ser perjudicados en nada. La donaci\u00f3n comenz\u00f3 con pasos&nbsp;rigurosos&nbsp;y la gente celebr\u00f3 en calles y enramadas la noticia de que quienes ocupaban terrenos, seguir\u00edan&nbsp;posey\u00e9ndolo\u201d.<\/p>\n\n\n\n<p>\u201cLa caballer\u00eda de terrenos donado comprend\u00eda de la ca\u00f1ada que bordea los barrios Villa Canto, Las Guamas y Media Chiva hasta llegar al r\u00edo Magu\u00e1 al oeste del Hato Mayor del Rey.<\/p>\n\n\n\n<p>\u201cDomingo Marcelo, fue el agrimensor que tuvo a cargo la medici\u00f3n de los terrenos cedido en donaci\u00f3n, quien fue tra\u00eddo desde Santo Domingo, para tan digna tarea. Marcelo no cobr\u00f3 un peso por la medici\u00f3n. Mariano Montol\u00edo y R\u00edos fue el notario utilizado para producir el&nbsp; acto legal de donaci\u00f3n, hecho registrado el 14 de diciembre de 1888.&nbsp;&nbsp; Montol\u00edo era nativo de Hato Mayor del Rey.<\/p>\n\n\n\n<p>En el acto notarial&nbsp; se indica que los&nbsp; donantes fueron Mar\u00eda Mercedes de la Rocha y Coca de Fern\u00e1ndez, su esposo Esteban Fern\u00e1ndez y Gonz\u00e1lez, quien autoriz\u00f3 a su esposa a donar la tierra. Como testigos estuvieron&nbsp; Don Manuel Ma\u00f1\u00f3n y Don Antonio Lluberes. El acto de notarial fue registrado el 17 de diciembre de 1888 en Santo Domingo, en el registro civil \u00d1 folio 157, acto No. 147, y se pag\u00f3 por el registro un peso con 26 centavos.<\/p>\n\n\n\n<p>\u201cLos 26 solares donados, favorecieron con siete solares a&nbsp; Felim\u00f3n Lappost con dos solares, Ram\u00f3n Mar\u00eda Gautreau dos solares, Esteban Fern\u00e1ndez con dos solares y los restantes 13 le tocaron a: Merchol Bernal, Camilo Hubiera, Pedro Gertrudis Brea, Juan Jos\u00e9 Reyes, Mat\u00edas de Le\u00f3n, Francisco Arache, Juan Gil, Juan del Rosario, Eduardo V\u00e1squez, Florentino Echavarr\u00eda, Anselmo L\u00f3pez, Ram\u00f3n Ram\u00edrez y Juan. Los terrenos cedidos ten\u00edan un valor estimado en&nbsp; el mercado de la \u00e9poca de 126 pesos.<\/p>\n\n\n\n<p>\u201cHato Mayor del Rey,&nbsp; es un municipio de la Rep\u00fablica Dominicana y capital de la provincia Hato Mayor. Limita al Norte con los municipios de El Valle y Sabana de la Mar, al Sur con la provincia San Pedro de Macor\u00eds, al Este con la provincia El Seibo y al Oeste con el municipio de Bayaguana, Monte Plata.&nbsp; Est\u00e1&nbsp; a 36 kil\u00f3metros de la ciudad San Pedro de Macor\u00eds y a 106 kil\u00f3metros de la ciudad de Santo Domingo. Tiene una poblaci\u00f3n de 61 517 habitantes, y se encuentra dividido en los&nbsp; distritos municipales&nbsp; Yerba Buena, Mata Palacio y Guayabo Dulce\u201d.<\/p>\n\n\n\n<p>El&nbsp; 3 de diciembre de 1984, el&nbsp; Congreso Nacional la elev\u00f3&nbsp; a Capital de la provincia&nbsp; Hato Mayor. La ley fue promulgada por el presidente Salvador Jorge Blanco. Y&nbsp; el 30&nbsp; de abril de 2002, fue declarada provincia Ecotur\u00edstica en virtud de la ley 77-02, promulgada por el presidente Hip\u00f3lito Mej\u00eda.<\/p>\n","protected":false},"excerpt":{"rendered":"<p>SANTO DOMINGO,&nbsp; el&nbsp; 11 de&nbsp; octubre&nbsp; de 1848, el Congreso de la Rep\u00fablica elev\u00f3 a Com\u00fan el puesto militar de Hato Mayor. &nbsp;&nbsp;&nbsp;&nbsp;&nbsp; &nbsp;&nbsp;&nbsp; Los legisladores tomaron la iniciativa para reconocer el desarrollo que hab\u00eda alcanzado Hato Mayor, que en ese momento era uno de los principales puestos militares de la regi\u00f3n Este. Una investigaci\u00f3n [&hellip;]<\/p>\n","protected":false},"author":28,"featured_media":389250,"comment_status":"closed","ping_status":"","sticky":false,"template":"","format":"standard","meta":{"footnotes":""},"categories":[26],"tags":[],"class_list":["post-389249","post","type-post","status-publish","format-standard","has-post-thumbnail","hentry","category-efemerides"],"_links":{"self":[{"href":"https:\/\/diariodominicano.com\/index.php?rest_route=\/wp\/v2\/posts\/389249","targetHints":{"allow":["GET"]}}],"collection":[{"href":"https:\/\/diariodominicano.com\/index.php?rest_route=\/wp\/v2\/posts"}],"about":[{"href":"https:\/\/diariodominicano.com\/index.php?rest_route=\/wp\/v2\/types\/post"}],"author":[{"embeddable":true,"href":"https:\/\/diariodominicano.com\/index.php?rest_route=\/wp\/v2\/users\/28"}],"replies":[{"embeddable":true,"href":"https:\/\/diariodominicano.com\/index.php?rest_route=%2Fwp%2Fv2%2Fcomments&post=389249"}],"version-history":[{"count":2,"href":"https:\/\/diariodominicano.com\/index.php?rest_route=\/wp\/v2\/posts\/389249\/revisions"}],"predecessor-version":[{"id":389252,"href":"https:\/\/diariodominicano.com\/index.php?rest_route=\/wp\/v2\/posts\/389249\/revisions\/389252"}],"wp:featuredmedia":[{"embeddable":true,"href":"https:\/\/diariodominicano.com\/index.php?rest_route=\/wp\/v2\/media\/389250"}],"wp:attachment":[{"href":"https:\/\/diariodominicano.com\/index.php?rest_route=%2Fwp%2Fv2%2Fmedia&parent=389249"}],"wp:term":[{"taxonomy":"category","embeddable":true,"href":"https:\/\/diariodominicano.com\/index.php?rest_route=%2Fwp%2Fv2%2Fcategories&post=389249"},{"taxonomy":"post_tag","embeddable":true,"href":"https:\/\/diariodominicano.com\/index.php?rest_route=%2Fwp%2Fv2%2Ftags&post=389249"}],"curies":[{"name":"wp","href":"https:\/\/api.w.org\/{rel}","templated":true}]}}