{"id":38915,"date":"2020-05-20T23:39:24","date_gmt":"2020-05-20T23:39:24","guid":{"rendered":"http:\/\/diariodominicano.ddns.net\/?p=38915"},"modified":"2020-05-20T23:39:24","modified_gmt":"2020-05-20T23:39:24","slug":"unidad-para-avanzar","status":"publish","type":"post","link":"https:\/\/diariodominicano.com\/?p=38915","title":{"rendered":"Unidad para avanzar"},"content":{"rendered":"<p><body><\/p>\n<p><strong>A Pleno Sol<\/strong><\/p>\n<p><strong>Unidad para avanzar<\/strong><\/p>\n<p><strong>Por Manuel Hern\u00e1ndez Villeta<\/strong><\/p>\n<\/p>\n<\/p>\n<p>Ni siquiera la presencia de Caronte en espera de los que se montar\u00e1n en su barca para el viaje sin retorno, ha doblegado los egos y los enfrentamientos, que obstaculizan que se d\u00e9 un intento de di\u00e1logo nacional para hacer frente a los problemas de hoy y ma\u00f1ana.<\/p>\n<\/p>\n<p>Ninguno de los sectores que lidian en la vida nacional tiene enfrentamientos ideol\u00f3gicos. Hoy todo es relaci\u00f3n comercial o pronunciamientos electorales. Lo dem\u00e1s, puede ser consensuado, pero est\u00e1n los deseos de principal\u00edas y de no juntarse con alegados enemigos.<\/p>\n<\/p>\n<p>Hoy m\u00e1s que nunca es necesario un gran di\u00e1logo nacional, no formulado como en el pasado, simples reuniones de caf\u00e9 y platos finos, y que no llegaban a ninguna parte. Hoy sin unidad no se podr\u00e1 hacer frente a los problemas nacionales.<\/p>\n<\/p>\n<p>Llegar a acuerdos unitarios no significa claudicaci\u00f3n, ni que se dejen a un lado ideas y principios. Los tres principales candidatos pueden ir a una mesa de di\u00e1logo y consenso y mantener sus individualidades y enfrentamientos.<\/p>\n<\/p>\n<p>Desde hace dos meses la sociedad dominicana cambi\u00f3, y sus principales protagonistas tienen la misma cartilla bajo el brazo. No se dan cuenta que cuando todo se normalice, nada seguir\u00e1 igual. La apertura de tiendas e industrias no significa normalidad, mientras el virus luce con fuerzas huracanadas.<\/p>\n<\/p>\n<p>Con un mill\u00f3n de personas que ten\u00eda la seguridad de su salario y hoy est\u00e1 en la calle, nada puede ser igual, con la cantidad de muertos, o afectados f\u00edsica y emocionalmente, nada puede ser igual. Lo m\u00e1s sencillo, con el grueso de la poblaci\u00f3n en cuarentena por dos meses, indica que nuestro mundo cambi\u00f3.<\/p>\n<\/p>\n<p>Pero seguimos apegados a los m\u00e9todos arcaicos, los que deben ser tirados en el basurero y comenzar a trabajar en una sociedad nueva. Los cambios continuar\u00e1n marchando, aunque muchos pol\u00edticos y l\u00edderes empresariales se queden fuera.<\/p>\n<\/p>\n<p>La agenda para ir a un di\u00e1logo nacional debe estar en blanco. Dictar puntos antes de comenzar, es poner condiciones de cumplimiento a los que no est\u00e1n interesados ni en el primer vestigio de unidad. De ah\u00ed, que es hora de fortalecer  cualquier sentimiento unitario, por m\u00e1s leve que sea.<\/p>\n<\/p>\n<p>Tiene obligatoriamente que haber un mediador. Me parece que las iglesias pueden jugar ese papel. Tanto las cristianas como la cat\u00f3lica. El obispo de Santo Domingo, monse\u00f1or Francisco Monse\u00f1or Francisco Osoria y el pastos Ezequiel Molina S\u00e1nchez, y los principales religiosos locales, son    buenos candidatos a llamar a ese di\u00e1logo. \u00a1Caramba!, pero si los seguidores de Cristo tambi\u00e9n tienen sus divisiones.<\/p>\n<\/p>\n<p>Dejemos a un lado lo que obstruye una unidad para la acci\u00f3n, porque sin el concurso de todos, el pa\u00eds no lograr\u00e1 salir de esta m\u00faltiple crisis. Los cambios urgentes  para mantener a flote este nav\u00edo, necesitan dejar atr\u00e1s la soberbia y la individualidad. \u00a1Ay!, se me acab\u00f3 la tinta.<\/p>\n<\/p>\n<h6> 2020-05-20 23:39:24 <\/h6>\n<p><!--\n<link rel=\"stylesheet\" href=\"css\/bootstrap.min.css\">\n\n\n<ul class=\"pagination\">\n\t    \n\t\n\n<li >\n\t<a href='?page_no=227'>Previous<\/a>\n\t<\/li>\n\n\n       \n    \n\n<li><a href='?page_no=1'>1<\/a><\/li>\n\n\n\n<li><a href='?page_no=2'>2<\/a><\/li>\n\n\n\n<li><a>...<\/a><\/li>\n\n\n\n<li><a href='?page_no=226'>226<\/a><\/li>\n\n\n\n<li><a href='?page_no=227'>227<\/a><\/li>\n\n\n\n<li class='active'><a>228<\/a><\/li>\n\n\n\n<li><a href='?page_no=229'>229<\/a><\/li>\n\n\n\n<li><a href='?page_no=230'>230<\/a><\/li>\n\n\n\n<li><a>...<\/a><\/li>\n\n\n\n<li><a href='?page_no=13611'>13611<\/a><\/li>\n\n\n\n<li><a href='?page_no=13612'>13612<\/a><\/li>\n\n    \n\t\n\n<li >\n\t<a href='?page_no=229'>Next<\/a>\n\t<\/li>\n\n\n    \n\n<li><a href='?page_no=13612'>Last &rsaquo;&rsaquo;<\/a><\/li>\n\n<\/ul>\n\n\n--><br \/>\n<\/body><\/p>\n","protected":false},"excerpt":{"rendered":"<p>A Pleno Sol Unidad para avanzar Por Manuel Hern\u00e1ndez Villeta Ni siquiera la presencia de Caronte en espera de los que se montar\u00e1n en su barca para el viaje sin retorno, ha doblegado los egos y los enfrentamientos, que obstaculizan que se d\u00e9 un intento de di\u00e1logo nacional para hacer frente a los problemas de [&hellip;]<\/p>\n","protected":false},"author":3,"featured_media":0,"comment_status":"open","ping_status":"open","sticky":false,"template":"","format":"standard","meta":{"footnotes":""},"categories":[16],"tags":[],"class_list":["post-38915","post","type-post","status-publish","format-standard","hentry","category-opiniones"],"_links":{"self":[{"href":"https:\/\/diariodominicano.com\/index.php?rest_route=\/wp\/v2\/posts\/38915","targetHints":{"allow":["GET"]}}],"collection":[{"href":"https:\/\/diariodominicano.com\/index.php?rest_route=\/wp\/v2\/posts"}],"about":[{"href":"https:\/\/diariodominicano.com\/index.php?rest_route=\/wp\/v2\/types\/post"}],"author":[{"embeddable":true,"href":"https:\/\/diariodominicano.com\/index.php?rest_route=\/wp\/v2\/users\/3"}],"replies":[{"embeddable":true,"href":"https:\/\/diariodominicano.com\/index.php?rest_route=%2Fwp%2Fv2%2Fcomments&post=38915"}],"version-history":[{"count":0,"href":"https:\/\/diariodominicano.com\/index.php?rest_route=\/wp\/v2\/posts\/38915\/revisions"}],"wp:attachment":[{"href":"https:\/\/diariodominicano.com\/index.php?rest_route=%2Fwp%2Fv2%2Fmedia&parent=38915"}],"wp:term":[{"taxonomy":"category","embeddable":true,"href":"https:\/\/diariodominicano.com\/index.php?rest_route=%2Fwp%2Fv2%2Fcategories&post=38915"},{"taxonomy":"post_tag","embeddable":true,"href":"https:\/\/diariodominicano.com\/index.php?rest_route=%2Fwp%2Fv2%2Ftags&post=38915"}],"curies":[{"name":"wp","href":"https:\/\/api.w.org\/{rel}","templated":true}]}}