{"id":388859,"date":"2022-10-09T23:52:25","date_gmt":"2022-10-10T03:52:25","guid":{"rendered":"http:\/\/diariodominicano.com\/?p=388859"},"modified":"2022-10-09T23:52:25","modified_gmt":"2022-10-10T03:52:25","slug":"gaspar-polanco-juramentado-presidente-de-la-republica-dominicana","status":"publish","type":"post","link":"https:\/\/diariodominicano.com\/?p=388859","title":{"rendered":"Gaspar Polanco juramentado presidente de la Rep\u00fablica Dominicana"},"content":{"rendered":"\n<p><strong>Gaspa<\/strong>r <strong>Polanco <\/strong><\/p>\n\n\n\n<p>SANTO DOMINGO, el 10 de octubre de 1864, el General Gaspar Polanco fue juramentado nuevo Presidente de la Rep\u00fablica Dominicana. El d\u00eda anterior, el 9 de octubre, dirigi\u00f3 una conspiraci\u00f3n que culmin\u00f3 con el derrocamiento del primer Presidente del Gobierno de la Restauraci\u00f3n, el general Jos\u00e9 Antonio -Pepillo- Salcedo.<\/p>\n\n\n\n<p>&nbsp;&nbsp; El Gobierno de Gaspar Polanco dur\u00f3 tres meses. Cay\u00f3 en el descr\u00e9dito porque otorg\u00f3 m\u00faltiples privilegios a sus allegados, entre los que figuraban productores de tabaco del Cibao.<\/p>\n\n\n\n<p>&nbsp; Tambi\u00e9n dirigi\u00f3 una administraci\u00f3n del Gobierno que se caracteriz\u00f3 por su intolerancia pol\u00edtica.<\/p>\n\n\n\n<p>&nbsp; &nbsp;&nbsp;&nbsp;&nbsp;&nbsp;&nbsp;&nbsp; &nbsp;Polanco&nbsp; alcanz\u00f3 sus m\u00e9ritos pol\u00edticos y militares por su participaci\u00f3n el 7 de julio de 1857,&nbsp; en el movimiento liberal que culmin\u00f3 con el derrocamiento&nbsp; del Presidente Buenaventura B\u00e1ez, y su papel protag\u00f3nico en la Guerra de la Restauraci\u00f3n.<\/p>\n\n\n\n<p>&nbsp;&nbsp;&nbsp; &nbsp;&nbsp;&nbsp;&nbsp;&nbsp; El 9 de octubre de 1863,&nbsp; Polanco y un grupo de oficiales del Ej\u00e9rcito Restaurador, acusaron al Presidente Pepillo Salcedo de conducir la Revoluci\u00f3n de la Restauraci\u00f3n a la derrota.<\/p>\n\n\n\n<p>&nbsp;&nbsp;&nbsp; &nbsp;&nbsp;&nbsp;&nbsp;&nbsp; El objetivo&nbsp; de los golpistas era evitar que Pepillo Salcedo renunciara y posibilitara el retorno al poder del&nbsp; ex Presidente&nbsp; Buenaventura B\u00e1ez.<\/p>\n\n\n\n<p>&nbsp;&nbsp;&nbsp; &nbsp;&nbsp;&nbsp;&nbsp;&nbsp; Atribuyeron a Pepillo Salcedo haber&nbsp; expresado que renunciar\u00eda y entregar\u00eda el poder a B\u00e1ez.<\/p>\n\n\n\n<p>&nbsp;&nbsp;&nbsp; &nbsp;&nbsp;&nbsp;&nbsp;&nbsp; Buenaventura B\u00e1ez era considerado por Gaspar Polanco y sus colaboradores como un enemigo de los intereses del Cibao.<\/p>\n\n\n\n<p>&nbsp;&nbsp;&nbsp;&nbsp; &nbsp;&nbsp;&nbsp;&nbsp; Incluso, formaron parte del movimiento c\u00edvico militar que derroc\u00f3 el Gobierno de Buenaventura B\u00e1ez en 1857.<\/p>\n\n\n\n<p>&nbsp;&nbsp;&nbsp; &nbsp;&nbsp;&nbsp;&nbsp;&nbsp; El golpe de Estado contra el primer Gobierno de la Restauraci\u00f3n culmin\u00f3 con la juramentaci\u00f3n de Gaspar Polanco como nuevo Presidente de la Rep\u00fablica, el 10&nbsp; de octubre de 1864.<\/p>\n\n\n\n<p>&nbsp;&nbsp;&nbsp; &nbsp;&nbsp;&nbsp;&nbsp;&nbsp; El&nbsp; General Gaspar Polanco, entre las acciones de intolerancia pol\u00edtica que caracterizaron su administraci\u00f3n,&nbsp; orden\u00f3 el fusilamiento del derrocado Presidente Pepillo Salcedo.<\/p>\n\n\n\n<p>&nbsp;&nbsp;&nbsp;&nbsp;&nbsp; &nbsp;&nbsp;&nbsp; El Gobierno de Gaspar Polanco fue derrocado por otro movimiento militar en enero de 1865.<\/p>\n\n\n\n<p>&nbsp;&nbsp;&nbsp; &nbsp;&nbsp;&nbsp;&nbsp;&nbsp; La lucha entre los restauradores debilit\u00f3 mucho los prop\u00f3sitos que dieron origen a la lucha para rescatar la soberan\u00eda de Rep\u00fablica Dominicana.<\/p>\n\n\n\n<p>&nbsp;&nbsp;&nbsp; &nbsp;&nbsp;&nbsp;&nbsp;&nbsp; Las mejores energ\u00edas se concentraron en las luchas intestinas.<\/p>\n","protected":false},"excerpt":{"rendered":"<p>Gaspar Polanco SANTO DOMINGO, el 10 de octubre de 1864, el General Gaspar Polanco fue juramentado nuevo Presidente de la Rep\u00fablica Dominicana. El d\u00eda anterior, el 9 de octubre, dirigi\u00f3 una conspiraci\u00f3n que culmin\u00f3 con el derrocamiento del primer Presidente del Gobierno de la Restauraci\u00f3n, el general Jos\u00e9 Antonio -Pepillo- Salcedo. &nbsp;&nbsp; El Gobierno de [&hellip;]<\/p>\n","protected":false},"author":28,"featured_media":375854,"comment_status":"closed","ping_status":"","sticky":true,"template":"","format":"standard","meta":{"footnotes":""},"categories":[26,27],"tags":[],"class_list":["post-388859","post","type-post","status-publish","format-standard","has-post-thumbnail","hentry","category-efemerides","category-portada"],"_links":{"self":[{"href":"https:\/\/diariodominicano.com\/index.php?rest_route=\/wp\/v2\/posts\/388859","targetHints":{"allow":["GET"]}}],"collection":[{"href":"https:\/\/diariodominicano.com\/index.php?rest_route=\/wp\/v2\/posts"}],"about":[{"href":"https:\/\/diariodominicano.com\/index.php?rest_route=\/wp\/v2\/types\/post"}],"author":[{"embeddable":true,"href":"https:\/\/diariodominicano.com\/index.php?rest_route=\/wp\/v2\/users\/28"}],"replies":[{"embeddable":true,"href":"https:\/\/diariodominicano.com\/index.php?rest_route=%2Fwp%2Fv2%2Fcomments&post=388859"}],"version-history":[{"count":1,"href":"https:\/\/diariodominicano.com\/index.php?rest_route=\/wp\/v2\/posts\/388859\/revisions"}],"predecessor-version":[{"id":388860,"href":"https:\/\/diariodominicano.com\/index.php?rest_route=\/wp\/v2\/posts\/388859\/revisions\/388860"}],"wp:featuredmedia":[{"embeddable":true,"href":"https:\/\/diariodominicano.com\/index.php?rest_route=\/wp\/v2\/media\/375854"}],"wp:attachment":[{"href":"https:\/\/diariodominicano.com\/index.php?rest_route=%2Fwp%2Fv2%2Fmedia&parent=388859"}],"wp:term":[{"taxonomy":"category","embeddable":true,"href":"https:\/\/diariodominicano.com\/index.php?rest_route=%2Fwp%2Fv2%2Fcategories&post=388859"},{"taxonomy":"post_tag","embeddable":true,"href":"https:\/\/diariodominicano.com\/index.php?rest_route=%2Fwp%2Fv2%2Ftags&post=388859"}],"curies":[{"name":"wp","href":"https:\/\/api.w.org\/{rel}","templated":true}]}}