{"id":38882,"date":"2020-05-24T19:08:12","date_gmt":"2020-05-24T19:08:12","guid":{"rendered":"http:\/\/diariodominicano.ddns.net\/?p=38882"},"modified":"2020-05-24T19:08:12","modified_gmt":"2020-05-24T19:08:12","slug":"interrelacionados-con-el-don-del-talento","status":"publish","type":"post","link":"https:\/\/diariodominicano.com\/?p=38882","title":{"rendered":"INTERRELACIONADOS CON EL DON DEL TALENTO"},"content":{"rendered":"<p><body><\/p>\n<p><strong>Diariodominicano.com<\/strong><\/p>\n<p><strong>ALGO M\u00c1S QUE PALABRAS<\/strong><\/p>\n<\/p>\n<p>INTERRELACIONADOS CON EL DON DEL TALENTO<\/p>\n<p> \u00abNos falta fuerza moral para engrandecernos\u00bb<\/p>\n<\/p>\n<p>=============================<\/p>\n<p>V\u00edctor CORCOBA HERRERO\/ Escritor<\/p>\n<p>corcoba@telefonica.net\t<\/p>\n<p>============================= <\/p>\n<\/p>\n<p>\tHace tiempo que vivimos en un vac\u00edo desolador; se descubre en los gestos, lo dicen las miradas, se oye en el aire, porque las garras de la crueldad que nos dividen, lo \u00fanico que hacen es atrofiarnos m\u00e1s y ensordecernos para que la escucha del an\u00e1logo no armonice con nuestros latidos. Hemos de saber, en todo caso, que la curaci\u00f3n germina de nuestro propio esp\u00edritu, que requiere hermanarse. Todo est\u00e1 interconectado, es algo innato. Precisamente, la pandemia del coronavirus nos revela la conexi\u00f3n entre la salud humana y la naturaleza. Estamos todos sobre la misma nube y en la misma barca. En consecuencia, nuestra relaci\u00f3n no puede ser ambigua, requiere que lo aut\u00e9ntico se abrace con los dones del talento, que es lo que en realidad nos embellece como humanos seres vivos. No podemos transitar por esta vida como seres impersonales, ha de existir una relaci\u00f3n humana, que es la que verdaderamente nos hace crecer y avanzar como especie pensante. La irresponsabilidad nos est\u00e1 empeque\u00f1eciendo. Sin compromiso  hacia nuestra misi\u00f3n cooperante quiz\u00e1 no merezcamos vivir. Creo que nos falta fuerza moral para engrandecernos. Pensemos que somos la memoria que poseemos y vivimos, con la responsabilidad que asumimos y la servidumbre donada. Desde luego, esta mundanidad que hoy gobierna nos est\u00e1 enjaulando en sus doctrinas individualistas, sin opci\u00f3n a poder liberarnos de la falsedad. Los garrotes del mundo nos aprisionan. Cada d\u00eda somos menos libres. Nos han dejado sin autonom\u00eda, al menos para buscar la verdad, elemento esencial de la comunicaci\u00f3n humana. Tampoco podemos coexistir como islas, el libre intercambio de pensamientos y opiniones es uno de los sensatos abecedarios m\u00e1s preciados por el individuo.<\/p>\n<\/p>\n<p>\tTampoco es cuesti\u00f3n de acostumbrarse a lo que hacen ciertos sectores sociales, transmitiendo \u00fanicamente aquello que halaga los o\u00eddos. Lo normal es discrepar, debatir, y buscar entre todos la orientaci\u00f3n debida. Necesitamos regresar a nuestra propia libertad, cuesti\u00f3n que no es nada f\u00e1cil. Cada cual ha de confluir con su identidad en la mejora de ese ansiado bien colectivo, recordando que la seguridad alimentaria y los medios de subsistencia de millones de personas en todo el planeta dependen de algo tan b\u00e1sico, como nuestros bosques, como el agua que mana de la naturaleza; de ah\u00ed, la importancia de conservar y utilizar de manera sostenible los recursos naturales, reconociendo de una vez por todas, que la salud de las gentes est\u00e1 vinculada a la salud de los ecosistemas. No se entiende una humanidad que no protege aquello que le sustenta, se acaba destruyendo as\u00ed misma. No dejemos que la falta de esp\u00edritu imaginativo y colaborador se interponga en nuestro camino. Lo prioritario es mantener vivos los pulmones del planeta. Podr\u00eda decirse que la protecci\u00f3n y la mejora de la fauna y flora silvestre es una de las formas m\u00e1s rentables de luchar contra este calentamiento global. Mal que nos pese, la calidad del agua que bebemos, los alimentos que consumimos y el aire que respiramos depende de ese h\u00e1bitat natural interrelacionado, que hoy demanda otros modos de vivir m\u00e1s con el entorno y otras maneras de actuaci\u00f3n m\u00e1s acordes con la consideraci\u00f3n a esa biodiversidad que nos acompa\u00f1a. De lo contrario, continuar\u00e1n haci\u00e9ndose realidad, para nuestro dolor, los modelos de pron\u00f3stico que vaticinaban eventos catastr\u00f3ficos de alcance global. Por ello, partamos de nuestro propio hogar para activar el orden en nuestras vidas, hacernos m\u00e1s humanos, que son cualidades tan necesarias como la formaci\u00f3n y el talento.<\/p>\n<\/p>\n<p>\tTodo lo dicho no basta para manifestar lo natural que es hacer familia con nuestra propia naturaleza. Porque no podremos alentar nada, sin un camino de fidelidad y de entrega rec\u00edproca entre todos. Sin ir m\u00e1s lejos del lugar en el que uno vive, la esperanza de vida en Espa\u00f1a se ha acortado nueve meses a causa del covid-19. La muerte de tantas personas mayores en residencias, hospitales e incluso en la soledad de sus propias casas, ha sido uno de los factores clave para este retroceso. Tanto la desmoralizaci\u00f3n como la deshumanizaci\u00f3n se han acelerado hasta el extremo de causar enormes sufrimientos en el linaje humano, atacando al mismo tiempo la dignidad de las personas y nuestro espacio com\u00fan, para mantener la dominaci\u00f3n exclusiva de don dinero, que \u00fanicamente garantiza los privilegios de unos pocos. Sea como fuere, lo que no es de recibo es quedarse paralizados por el miedo o aprisionados en el conflicto de la crisis, es menester tomar fuerzas y cambiar rumbos, apoy\u00e1ndonos unos en otros, sin negarnos a nosotros mismos. Lo importante es despertar y resistir. Hay que pasar del esp\u00edritu indiferente, hip\u00f3crita o intolerante, a otro aliento m\u00e1s clemente, respetuoso y responsable, sobre todo para luchar por la justicia social, protegiendo la madre tierra y acompa\u00f1ando a los migrantes, en esa cultura espiritual del abrazo que todos requerimos para armonizar nuestro propio andar por este planeta. No  olvidemos que nadie puede llegar a la cima armado s\u00f3lo de talento, esa capacidad requiere de otras sumas para transformar el ambiente y renacer en un nuevo curso de encuentros existenciales, que es lo que en realidad nos da ingenio para cohabitar y entenderse.<\/p>\n<\/p>\n<p>V\u00edctor CORCOBA HERRERO \/ Escritor<\/p>\n<p>corcoba@telefonica.net<\/p>\n<p>24 de mayo de 2020<\/p>\n<h6> 2020-05-24 19:08:12 <\/h6>\n<p><!--\n<link rel=\"stylesheet\" href=\"css\/bootstrap.min.css\">\n\n\n<ul class=\"pagination\">\n\t    \n\t\n\n<li >\n\t<a href='?page_no=224'>Previous<\/a>\n\t<\/li>\n\n\n       \n    \n\n<li><a href='?page_no=1'>1<\/a><\/li>\n\n\n\n<li><a href='?page_no=2'>2<\/a><\/li>\n\n\n\n<li><a>...<\/a><\/li>\n\n\n\n<li><a href='?page_no=223'>223<\/a><\/li>\n\n\n\n<li><a href='?page_no=224'>224<\/a><\/li>\n\n\n\n<li class='active'><a>225<\/a><\/li>\n\n\n\n<li><a href='?page_no=226'>226<\/a><\/li>\n\n\n\n<li><a href='?page_no=227'>227<\/a><\/li>\n\n\n\n<li><a>...<\/a><\/li>\n\n\n\n<li><a href='?page_no=13611'>13611<\/a><\/li>\n\n\n\n<li><a href='?page_no=13612'>13612<\/a><\/li>\n\n    \n\t\n\n<li >\n\t<a href='?page_no=226'>Next<\/a>\n\t<\/li>\n\n\n    \n\n<li><a href='?page_no=13612'>Last &rsaquo;&rsaquo;<\/a><\/li>\n\n<\/ul>\n\n\n--><br \/>\n<\/body><\/p>\n","protected":false},"excerpt":{"rendered":"<p>Diariodominicano.com ALGO M\u00c1S QUE PALABRAS INTERRELACIONADOS CON EL DON DEL TALENTO \u00abNos falta fuerza moral para engrandecernos\u00bb ============================= V\u00edctor CORCOBA HERRERO\/ Escritor corcoba@telefonica.net ============================= Hace tiempo que vivimos en un vac\u00edo desolador; se descubre en los gestos, lo dicen las miradas, se oye en el aire, porque las garras de la crueldad que nos dividen, [&hellip;]<\/p>\n","protected":false},"author":3,"featured_media":0,"comment_status":"open","ping_status":"open","sticky":false,"template":"","format":"standard","meta":{"footnotes":""},"categories":[16],"tags":[],"class_list":["post-38882","post","type-post","status-publish","format-standard","hentry","category-opiniones"],"_links":{"self":[{"href":"https:\/\/diariodominicano.com\/index.php?rest_route=\/wp\/v2\/posts\/38882","targetHints":{"allow":["GET"]}}],"collection":[{"href":"https:\/\/diariodominicano.com\/index.php?rest_route=\/wp\/v2\/posts"}],"about":[{"href":"https:\/\/diariodominicano.com\/index.php?rest_route=\/wp\/v2\/types\/post"}],"author":[{"embeddable":true,"href":"https:\/\/diariodominicano.com\/index.php?rest_route=\/wp\/v2\/users\/3"}],"replies":[{"embeddable":true,"href":"https:\/\/diariodominicano.com\/index.php?rest_route=%2Fwp%2Fv2%2Fcomments&post=38882"}],"version-history":[{"count":0,"href":"https:\/\/diariodominicano.com\/index.php?rest_route=\/wp\/v2\/posts\/38882\/revisions"}],"wp:attachment":[{"href":"https:\/\/diariodominicano.com\/index.php?rest_route=%2Fwp%2Fv2%2Fmedia&parent=38882"}],"wp:term":[{"taxonomy":"category","embeddable":true,"href":"https:\/\/diariodominicano.com\/index.php?rest_route=%2Fwp%2Fv2%2Fcategories&post=38882"},{"taxonomy":"post_tag","embeddable":true,"href":"https:\/\/diariodominicano.com\/index.php?rest_route=%2Fwp%2Fv2%2Ftags&post=38882"}],"curies":[{"name":"wp","href":"https:\/\/api.w.org\/{rel}","templated":true}]}}