{"id":38860,"date":"2020-05-24T23:52:05","date_gmt":"2020-05-24T23:52:05","guid":{"rendered":"http:\/\/diariodominicano.ddns.net\/?p=38860"},"modified":"2020-05-24T23:52:05","modified_gmt":"2020-05-24T23:52:05","slug":"los-programas-de-gobierno","status":"publish","type":"post","link":"https:\/\/diariodominicano.com\/?p=38860","title":{"rendered":"Los programas de gobierno"},"content":{"rendered":"<p><body><\/p>\n<p>A Pleno Sol<\/p>\n<\/p>\n<p>Los programas de gobierno<\/p>\n<\/p>\n<p>Por Manuel Hern\u00e1ndez Villeta<\/p>\n<\/p>\n<\/p>\n<p>En la historia dominicana los programas de gobierno de los partidos pol\u00edticos y los candidatos presidenciales han sido letra muerta. Se presentan en conferencia de prensa, y al poco tiempo se guardan en cualquier escritorio y nadie le da continuidad. Una metodolog\u00eda de trabajo que tiene que ser superada.<\/p>\n<\/p>\n<p>En unas elecciones, a los partidos y sobre todo a los candidatos, se les tiene que conocer en base a sus realidades, y como plantean enfrentar la crisis nacional. De ah\u00ed la importancia del programa de gobierno. Es la forma m\u00e1s directa del candidato exponer sus ideas.<\/p>\n<\/p>\n<p>Lo dem\u00e1s se queda en las calles, en la muchedumbre, en el eslogan creado sobre la marcha para impactar a las masas. Si los programas de gobierno se cumplieran, el pa\u00eds lograr\u00eda avanzar.<\/p>\n<\/p>\n<p>Los mismos ciudadanos han perdido confianza en esos programas de gobierno, y de hecho los evita. Si usted hace hoy una encuesta, son muy pocos los que le van a decir que votaran por el programa de gobierno que han le\u00eddo.<\/p>\n<\/p>\n<p>He visto con mucho detenimiento que los tres principales candidato a nivel presidencial para las venideras elecciones presentaron ya su programa de gobierno, entregando copia a la Junta Central Electoral.<\/p>\n<\/p>\n<p>Tambi\u00e9n lo han dado a conocer a trav\u00e9s de los medios de comunicaci\u00f3n,  en  declaraciones, art\u00edculos y en voz de sus principales seguidores y voceros. Falta ahora que se cumpla con ese programa de gobierno.<\/p>\n<\/p>\n<p>Es un paso de avance que los candidatos tomen un momento de reflexi\u00f3n para trabajar con sus t\u00e9cnicos y detallar como van a gobernar durante cuatro a\u00f1os. Cierto, es que desde el Palacio Nacional hay una din\u00e1mica que se implementa en el d\u00eda a d\u00eda.<\/p>\n<\/p>\n<p>El programa de gobierno, faltando un tiempo prudente para las elecciones, debe ser una obligaci\u00f3n para los a\u00f1os venideros. Tambi\u00e9n la Junta Central Electoral debe formalizar  los debates entre los principales candidatos presidenciales.<\/p>\n<\/p>\n<p>Ahora no hay debate. Organizaciones empresariales y de la sociedad civil invitan en forma individual a los candidatos para que cada uno haga una ponencia sobre los principales problemas del pa\u00eds, pero sin contacto directo.<\/p>\n<\/p>\n<p>Hay que seguir la m\u00edstica de la pol\u00edtica norteamericana de que el debate es necesario y vital. Puede ser un presidente que busca la reelecci\u00f3n, o un candidato que se considera que tiene posibilidades de ganar. En cualquier ocasi\u00f3n tienen que ir al debate.<\/p>\n<\/p>\n<p>Para las venideras elecciones son mecanismos de trabajo que se tienen que ir implementando, para hacer de la actividad pol\u00edtica una acci\u00f3n m\u00e1s apegada al fortalecimiento institucional, que tanto necesita el pa\u00eds. Aunque sea en el papel, se est\u00e1 comenzando a dar un paso importante, que deber\u00e1 ser  institucionalizado para las  elecciones del 2024. \u00a1Ay!, se me acab\u00f3 la tinta..<\/p>\n<\/p>\n<h6> 2020-05-24 23:52:05 <\/h6>\n<p><!--\n<link rel=\"stylesheet\" href=\"css\/bootstrap.min.css\">\n\n\n<ul class=\"pagination\">\n\t    \n\t\n\n<li >\n\t<a href='?page_no=222'>Previous<\/a>\n\t<\/li>\n\n\n       \n    \n\n<li><a href='?page_no=1'>1<\/a><\/li>\n\n\n\n<li><a href='?page_no=2'>2<\/a><\/li>\n\n\n\n<li><a>...<\/a><\/li>\n\n\n\n<li><a href='?page_no=221'>221<\/a><\/li>\n\n\n\n<li><a href='?page_no=222'>222<\/a><\/li>\n\n\n\n<li class='active'><a>223<\/a><\/li>\n\n\n\n<li><a href='?page_no=224'>224<\/a><\/li>\n\n\n\n<li><a href='?page_no=225'>225<\/a><\/li>\n\n\n\n<li><a>...<\/a><\/li>\n\n\n\n<li><a href='?page_no=13611'>13611<\/a><\/li>\n\n\n\n<li><a href='?page_no=13612'>13612<\/a><\/li>\n\n    \n\t\n\n<li >\n\t<a href='?page_no=224'>Next<\/a>\n\t<\/li>\n\n\n    \n\n<li><a href='?page_no=13612'>Last &rsaquo;&rsaquo;<\/a><\/li>\n\n<\/ul>\n\n\n--><br \/>\n<\/body><\/p>\n","protected":false},"excerpt":{"rendered":"<p>A Pleno Sol Los programas de gobierno Por Manuel Hern\u00e1ndez Villeta En la historia dominicana los programas de gobierno de los partidos pol\u00edticos y los candidatos presidenciales han sido letra muerta. Se presentan en conferencia de prensa, y al poco tiempo se guardan en cualquier escritorio y nadie le da continuidad. Una metodolog\u00eda de trabajo [&hellip;]<\/p>\n","protected":false},"author":3,"featured_media":0,"comment_status":"open","ping_status":"open","sticky":false,"template":"","format":"standard","meta":{"footnotes":""},"categories":[16],"tags":[],"class_list":["post-38860","post","type-post","status-publish","format-standard","hentry","category-opiniones"],"_links":{"self":[{"href":"https:\/\/diariodominicano.com\/index.php?rest_route=\/wp\/v2\/posts\/38860","targetHints":{"allow":["GET"]}}],"collection":[{"href":"https:\/\/diariodominicano.com\/index.php?rest_route=\/wp\/v2\/posts"}],"about":[{"href":"https:\/\/diariodominicano.com\/index.php?rest_route=\/wp\/v2\/types\/post"}],"author":[{"embeddable":true,"href":"https:\/\/diariodominicano.com\/index.php?rest_route=\/wp\/v2\/users\/3"}],"replies":[{"embeddable":true,"href":"https:\/\/diariodominicano.com\/index.php?rest_route=%2Fwp%2Fv2%2Fcomments&post=38860"}],"version-history":[{"count":0,"href":"https:\/\/diariodominicano.com\/index.php?rest_route=\/wp\/v2\/posts\/38860\/revisions"}],"wp:attachment":[{"href":"https:\/\/diariodominicano.com\/index.php?rest_route=%2Fwp%2Fv2%2Fmedia&parent=38860"}],"wp:term":[{"taxonomy":"category","embeddable":true,"href":"https:\/\/diariodominicano.com\/index.php?rest_route=%2Fwp%2Fv2%2Fcategories&post=38860"},{"taxonomy":"post_tag","embeddable":true,"href":"https:\/\/diariodominicano.com\/index.php?rest_route=%2Fwp%2Fv2%2Ftags&post=38860"}],"curies":[{"name":"wp","href":"https:\/\/api.w.org\/{rel}","templated":true}]}}