{"id":388575,"date":"2022-10-09T00:01:08","date_gmt":"2022-10-09T04:01:08","guid":{"rendered":"http:\/\/diariodominicano.com\/?p=388575"},"modified":"2022-10-09T00:01:08","modified_gmt":"2022-10-09T04:01:08","slug":"resaltan-en-argentina-legado-de-ernesto-che-guevara","status":"publish","type":"post","link":"https:\/\/diariodominicano.com\/?p=388575","title":{"rendered":"Resaltan en Argentina legado de Ernesto Che Guevara"},"content":{"rendered":"\n<p>Buenos Aires, 8 oct (Prensa Latina) Artistas e integrantes de organizaciones sociales y pol\u00edticas argentinas rindieron hoy homenaje en esta capital al guerrillero Ernesto Che Guevara (1928-1967) con motivo del aniversario 55 de su muerte.&nbsp;&nbsp;&nbsp;&nbsp;<\/p>\n\n\n\n<ul class=\"wp-block-list\"><li>octubre 8, 2022<\/li><li>CDT21:31 (GMT) -0400<\/li><\/ul>\n\n\n\n<p>Durante una velada cultural en la Casa de la Amistad Argentino-Cubana, integrantes del Movimiento de Solidaridad con la isla, la Federaci\u00f3n Internacional de Escritores por la Libertad, el Movimiento La Pugliese, el Congreso de los Barrios Libres y Chavismo Sur, entre otros, resaltaron la historia y el legado del Che y abogaron por la unidad latinoamericana.<\/p>\n\n\n\n<p>Recordar al comandante es revisar nuestra historia, la de la regi\u00f3n y el mundo. \u00c9l nos mostr\u00f3 la necesidad de construir una sociedad mejor y de ratificar las palabras con hechos, afirm\u00f3 el presidente de la Casa, Rub\u00e9n Zaccaro.<\/p>\n\n\n\n<p>Asimismo, destac\u00f3 la importancia del encuentro entre Guevara y el l\u00edder hist\u00f3rico de la Revoluci\u00f3n cubana, Fidel Castro (1926-2016).<\/p>\n\n\n\n<p>Nos ense\u00f1aron que debemos seguir la gu\u00eda de Jos\u00e9 Mart\u00ed (1853-1895) y de otros pr\u00f3ceres como Jos\u00e9 de San Mart\u00edn (1778-1850) y Sim\u00f3n Bol\u00edvar (1783-1830) en la lucha por nuestra Patria Grande y contra el imperio desde cualquier lugar donde estemos, se\u00f1al\u00f3.<\/p>\n\n\n\n<p>Zaccaro conden\u00f3 el bloqueo econ\u00f3mico, comercial y financiero impuesto por Estados Unidos a Cuba e inst\u00f3 a preservar el ejemplo eterno del Che.<\/p>\n\n\n\n<p>Por su parte, el embajador de la naci\u00f3n caribe\u00f1a Pedro Pablo Prada resalt\u00f3 la necesidad de volver al legado de Guevara en los momentos actuales y ante los horizontes de lucha que tiene Am\u00e9rica Latina.<\/p>\n\n\n\n<p>A su vez, el poeta Juano Villafa\u00f1e apunt\u00f3 que recordar al Che es regresar a las mejores tradiciones revolucionarias, art\u00edsticas y pol\u00edticas de nuestro continente.<\/p>\n\n\n\n<p>Lo recordamos siempre acompa\u00f1ado de la poes\u00eda. Nos mostr\u00f3 la importancia de la solidaridad ente los pueblos, afirm\u00f3.<\/p>\n\n\n\n<p>Esta jornada tuvieron lugar homenajes en varias regiones de Argentina y se desarroll\u00f3 un programa especial en la red de museos Por los caminos del Che.<\/p>\n\n\n\n<p>Asimismo, la organizaci\u00f3n Corriente Peronista Descamisados asegur\u00f3 que, \u201cante el asedio criminal del imperialismo, el legado humanista y revolucionario de Guevara contin\u00faa presente en todos aquellos que sentimos en lo m\u00e1s hondo, cualquier injusticia contra cualquiera, en cualquier parte del mundo\u201d.<\/p>\n\n\n\n<p>jha\/gas<\/p>\n","protected":false},"excerpt":{"rendered":"<p>Buenos Aires, 8 oct (Prensa Latina) Artistas e integrantes de organizaciones sociales y pol\u00edticas argentinas rindieron hoy homenaje en esta capital al guerrillero Ernesto Che Guevara (1928-1967) con motivo del aniversario 55 de su muerte.&nbsp;&nbsp;&nbsp;&nbsp; octubre 8, 2022 CDT21:31 (GMT) -0400 Durante una velada cultural en la Casa de la Amistad Argentino-Cubana, integrantes del Movimiento [&hellip;]<\/p>\n","protected":false},"author":28,"featured_media":388576,"comment_status":"closed","ping_status":"","sticky":false,"template":"","format":"standard","meta":{"footnotes":""},"categories":[26],"tags":[],"class_list":["post-388575","post","type-post","status-publish","format-standard","has-post-thumbnail","hentry","category-efemerides"],"_links":{"self":[{"href":"https:\/\/diariodominicano.com\/index.php?rest_route=\/wp\/v2\/posts\/388575","targetHints":{"allow":["GET"]}}],"collection":[{"href":"https:\/\/diariodominicano.com\/index.php?rest_route=\/wp\/v2\/posts"}],"about":[{"href":"https:\/\/diariodominicano.com\/index.php?rest_route=\/wp\/v2\/types\/post"}],"author":[{"embeddable":true,"href":"https:\/\/diariodominicano.com\/index.php?rest_route=\/wp\/v2\/users\/28"}],"replies":[{"embeddable":true,"href":"https:\/\/diariodominicano.com\/index.php?rest_route=%2Fwp%2Fv2%2Fcomments&post=388575"}],"version-history":[{"count":1,"href":"https:\/\/diariodominicano.com\/index.php?rest_route=\/wp\/v2\/posts\/388575\/revisions"}],"predecessor-version":[{"id":388577,"href":"https:\/\/diariodominicano.com\/index.php?rest_route=\/wp\/v2\/posts\/388575\/revisions\/388577"}],"wp:featuredmedia":[{"embeddable":true,"href":"https:\/\/diariodominicano.com\/index.php?rest_route=\/wp\/v2\/media\/388576"}],"wp:attachment":[{"href":"https:\/\/diariodominicano.com\/index.php?rest_route=%2Fwp%2Fv2%2Fmedia&parent=388575"}],"wp:term":[{"taxonomy":"category","embeddable":true,"href":"https:\/\/diariodominicano.com\/index.php?rest_route=%2Fwp%2Fv2%2Fcategories&post=388575"},{"taxonomy":"post_tag","embeddable":true,"href":"https:\/\/diariodominicano.com\/index.php?rest_route=%2Fwp%2Fv2%2Ftags&post=388575"}],"curies":[{"name":"wp","href":"https:\/\/api.w.org\/{rel}","templated":true}]}}