{"id":38838,"date":"2020-05-25T23:36:01","date_gmt":"2020-05-25T23:36:01","guid":{"rendered":"http:\/\/diariodominicano.ddns.net\/?p=38838"},"modified":"2020-05-25T23:36:01","modified_gmt":"2020-05-25T23:36:01","slug":"donde-esta-la-familia","status":"publish","type":"post","link":"https:\/\/diariodominicano.com\/?p=38838","title":{"rendered":"D\u00f3nde est\u00e1 la Familia"},"content":{"rendered":"<p><body><\/p>\n<p><strong>Diariodominicano.com<\/strong><\/p>\n<p><strong>A Pleno Sol<\/strong><\/p>\n<p><strong>D\u00f3nde est\u00e1 la Familia<\/strong><\/p>\n<p><strong>Por Manuel Hern\u00e1ndez Villeta<\/strong><\/p>\n<p><strong> <\/strong><\/p>\n<\/p>\n<p>En el contexto general de la crisis dominicana, es bueno preguntar y contestarse, sobre cu\u00e1l es el rol de la familia para hacer frente a esta antesala del infierno. Al momento de ahora, no hay una respuesta clara y contundente de d\u00f3nde est\u00e1 la familia dominicana.<\/p>\n<\/p>\n<p>Es el n\u00facleo principal de la sociedad. Sobre \u00e9l se forman los valores y la unidad, pero tambi\u00e9n tiene un fuerte enemigo, que es la globalizaci\u00f3n econ\u00f3mica y la falta de ideales y de fe en el futuro. Cada cual tiene hilos para cortar en lo que se refiere a los problemas de la familia nacional.<\/p>\n<\/p>\n<p>Por las razones que sean, la familia se va quedando como un abstracto, y poco se aglutinan en torno a ella. No puede hablarse de unidad familiar con la gran cantidad de madres solteras, de feminicidios, de hombres que incumplen con la sustentaci\u00f3n de sus hijos, y sobre todo con el maltratado a las ni\u00f1as y los ni\u00f1os.<\/p>\n<\/p>\n<p>Un ejemplo contundente es el D\u00eda de las Madres. D\u00e9cadas atr\u00e1s era el momento de rendir homenaje y cari\u00f1o a la jefa del hogar. Hoy es una fecha comercial para que las grandes tiendas vendan su mercanc\u00eda,.<\/p>\n<\/p>\n<p>Una de las razones de las presiones de los comerciantes  para que se levantara la cuarentena comercial, era que deseaban aprovechar el Dia de las Madres y lograr grandes ventas. El cari\u00f1o en muchas ocasiones es cambiado por un televisor o una lavadora.<\/p>\n<\/p>\n<p>Si la familia se deshace, no puede haber unidad nacional. La primera acci\u00f3n unitaria tiene que partir desde el hogar. Puede ser en principio una acci\u00f3n individual, pero si la familia crece unida, y hace frente a los problemas de forma mancomunada, as\u00ed mismo la naci\u00f3n se encontrar\u00e1 en posibilidades de enfrentar sus graves problemas.<\/p>\n<\/p>\n<p>Es imposible retornar a normas familiares del siglo 20. La sociedad ha ido avanzando y hoy es m\u00e1s mec\u00e1nico, m\u00e1s et\u00e9reo, menos solidario, tritura a sus hijos, pero en la gran mayor\u00eda la solidaridad y la hermandad no ha muerto.<\/p>\n<\/p>\n<p>Tengo confianza en que se pueda restaurar la unidad familiar, pero para ello hay que emprender un gran trabajo. No es una acci\u00f3n de un momento, una exhortaci\u00f3n por la radio o la televisi\u00f3n, sino enhebrar un trabajo en el d\u00eda a d\u00eda, en cada momento, en cada tristeza, y en cada dolor.<\/p>\n<\/p>\n<p>Hay que emprender esa marcha de gigantes que va a marcar nuestro futuro. Los grandes pa\u00edses se hacen fuertes si desde la familia m\u00e1s humilde florece la unidad, el amor al trabajo, el sacrificio por el desarrollo colectivo, y nunca perder la mirada hacia lograr un mejor futuro.<\/p>\n<\/p>\n<p>Si revisamos conductas de hoy, y tratamos de retomar el camino, podremos ir poniendo remiendos a la vieja sociedad, como paso inicial para  ir ensamblando un fuerte n\u00facleo germinador de la vida en sociedad. Sin resolver los problemas de hoy de la familia, el futuro siempre ser\u00e1 negro y pesimista para todos los dominicanos. Pero con tes\u00f3n saldremos adelante. \u00a1Ay!, se me acab\u00f3 la tinta.<\/p>\n<\/p>\n<h6> 2020-05-25 23:36:01 <\/h6>\n<p><!--\n<link rel=\"stylesheet\" href=\"css\/bootstrap.min.css\">\n\n\n<ul class=\"pagination\">\n\t    \n\t\n\n<li >\n\t<a href='?page_no=220'>Previous<\/a>\n\t<\/li>\n\n\n       \n    \n\n<li><a href='?page_no=1'>1<\/a><\/li>\n\n\n\n<li><a href='?page_no=2'>2<\/a><\/li>\n\n\n\n<li><a>...<\/a><\/li>\n\n\n\n<li><a href='?page_no=219'>219<\/a><\/li>\n\n\n\n<li><a href='?page_no=220'>220<\/a><\/li>\n\n\n\n<li class='active'><a>221<\/a><\/li>\n\n\n\n<li><a href='?page_no=222'>222<\/a><\/li>\n\n\n\n<li><a href='?page_no=223'>223<\/a><\/li>\n\n\n\n<li><a>...<\/a><\/li>\n\n\n\n<li><a href='?page_no=13611'>13611<\/a><\/li>\n\n\n\n<li><a href='?page_no=13612'>13612<\/a><\/li>\n\n    \n\t\n\n<li >\n\t<a href='?page_no=222'>Next<\/a>\n\t<\/li>\n\n\n    \n\n<li><a href='?page_no=13612'>Last &rsaquo;&rsaquo;<\/a><\/li>\n\n<\/ul>\n\n\n--><br \/>\n<\/body><\/p>\n","protected":false},"excerpt":{"rendered":"<p>Diariodominicano.com A Pleno Sol D\u00f3nde est\u00e1 la Familia Por Manuel Hern\u00e1ndez Villeta En el contexto general de la crisis dominicana, es bueno preguntar y contestarse, sobre cu\u00e1l es el rol de la familia para hacer frente a esta antesala del infierno. Al momento de ahora, no hay una respuesta clara y contundente de d\u00f3nde est\u00e1 [&hellip;]<\/p>\n","protected":false},"author":3,"featured_media":0,"comment_status":"open","ping_status":"open","sticky":false,"template":"","format":"standard","meta":{"footnotes":""},"categories":[16],"tags":[],"class_list":["post-38838","post","type-post","status-publish","format-standard","hentry","category-opiniones"],"_links":{"self":[{"href":"https:\/\/diariodominicano.com\/index.php?rest_route=\/wp\/v2\/posts\/38838","targetHints":{"allow":["GET"]}}],"collection":[{"href":"https:\/\/diariodominicano.com\/index.php?rest_route=\/wp\/v2\/posts"}],"about":[{"href":"https:\/\/diariodominicano.com\/index.php?rest_route=\/wp\/v2\/types\/post"}],"author":[{"embeddable":true,"href":"https:\/\/diariodominicano.com\/index.php?rest_route=\/wp\/v2\/users\/3"}],"replies":[{"embeddable":true,"href":"https:\/\/diariodominicano.com\/index.php?rest_route=%2Fwp%2Fv2%2Fcomments&post=38838"}],"version-history":[{"count":0,"href":"https:\/\/diariodominicano.com\/index.php?rest_route=\/wp\/v2\/posts\/38838\/revisions"}],"wp:attachment":[{"href":"https:\/\/diariodominicano.com\/index.php?rest_route=%2Fwp%2Fv2%2Fmedia&parent=38838"}],"wp:term":[{"taxonomy":"category","embeddable":true,"href":"https:\/\/diariodominicano.com\/index.php?rest_route=%2Fwp%2Fv2%2Fcategories&post=38838"},{"taxonomy":"post_tag","embeddable":true,"href":"https:\/\/diariodominicano.com\/index.php?rest_route=%2Fwp%2Fv2%2Ftags&post=38838"}],"curies":[{"name":"wp","href":"https:\/\/api.w.org\/{rel}","templated":true}]}}