{"id":38815,"date":"2020-05-27T00:51:59","date_gmt":"2020-05-27T00:51:59","guid":{"rendered":"http:\/\/diariodominicano.ddns.net\/?p=38815"},"modified":"2020-05-27T00:51:59","modified_gmt":"2020-05-27T00:51:59","slug":"ni-canaverales-ni-bateyes","status":"publish","type":"post","link":"https:\/\/diariodominicano.com\/?p=38815","title":{"rendered":"Ni ca\u00f1averales ni bateyes&#13;"},"content":{"rendered":"<p><body><\/p>\n<p>VISI\u00d3N GLOBAL<\/p>\n<\/p>\n<p>Por Nelson Encarnaci\u00f3n<\/p>\n<\/p>\n<\/p>\n<p>Ni ca\u00f1averales ni bateyes<\/p>\n<\/p>\n<p>La historia de la industria azucarera, desde la instalaci\u00f3n del primer trapiche en el continente americano hasta el surgimiento de los grandes y modernos ingenios, ha estado plagada de explotaci\u00f3n, miseria, atropellos y saqueos.<\/p>\n<\/p>\n<p>De hecho, y como si fuera un designio mal\u00e9fico, alrededor de la industria ha habido sonoros cr\u00edmenes que si bien no se pueden atribuir directamente a la actividad empresarial, es como si ella atrajese malos esp\u00edritus.<\/p>\n<\/p>\n<p>Lo que no se puede negar es que las poblaciones que regularmente se levantan adyacentes a los ingenios azucareros languidecen bajo una miseria implacable y sufren?como dijo el poeta C\u00e9sar  Vallejo?\u00bb&#8230;como si fuera el odio de Dios\u00bb.<\/p>\n<\/p>\n<p>Sin embargo, no es el odio de Dios que cae sobre esas poblaciones, sino la codicia de quienes se lucran de la miserable existencia de los bateyeros, cuyos poblados languidecen a orillas de los ca\u00f1averales, pues la ca\u00f1a es un cultivo no amigable con ninguna otra planta que pueda proporcionar sustento al ser humano.<\/p>\n<\/p>\n<p>\u00ab&#8230;la ca\u00f1a cortada se la come el sol\/ si la paga es mala hay algo peor\/ y son las entra\u00f1as de aquel pesador\/ y el otro que llaman administrador&#8230;\u00bb. Del genio creativo de Ramoncito D\u00edaz, cantado por Johnny Ventura. Gr\u00e1fico.<\/p>\n<\/p>\n<p>Es por esa historia deleznable que m\u00faltiples agrupaciones y personas individuales en o vinculada a la vida de las poblaciones desde Para\u00edso hasta Oviedo en las provincias de Barcelona y Pedernales, nos oponemos, resueltamente, a que las grandes extensiones de terrenos en la zona sean utilizadas para la siembra de ca\u00f1a.<\/p>\n<\/p>\n<p>Sabemos que se mueven intereses poderosos que procuran hacerse de esos terrenos para el cultivo de ca\u00f1a destinada como materia prima para el ingenio Barahona, que en realidad no necesita nuestras tierras.<\/p>\n<\/p>\n<p>Y sabemos tambi\u00e9n que en las condiciones actuales en que desde instituciones del Gobierno se arma toda suerte de tropel\u00edas, no es descartable que nos topemos en cualquier momento con una disposici\u00f3n que otorga los terrenos para los fines buscados.<\/p>\n<\/p>\n<p>Si bien el senador Dionis S\u00e1nchez obtuvo recientemente del director del Instituto Agrario Dominicano la seguridad de que ese asunto no se ha decidido all\u00ed, lo m\u00e1s aconsejable es no creerle ni media palabra.<\/p>\n<\/p>\n<p>Y estar atentos, pues la llanura desde Los Cocos, en Enriquillo, hasta la sabana Sans\u00f3n, en Oviedo, asoma como una tentaci\u00f3n irresistible para que funcionarios con una alt\u00edsima probabilidad de abandonar sus puestos dentro de unos meses, se sientan tentados a \u00abliquidarse\u00bb por esa v\u00eda.<\/p>\n<\/p>\n<p>Ha de quedar establecido que no queremos en Enriquillo, Oviedo y otros lugares que nuestra gente muera a orillas de ca\u00f1averales viendo c\u00f3mo se arrastran en camiones?\u00bbcomo ca\u00f1a para el ingenio\u00bb?los \u00faltimos vestigios de su esperanza.<\/p>\n<\/p>\n<p>Nelsonencar10@mail.com<\/p>\n<\/p>\n<p>Zona de los archivos adjuntos<\/p>\n<h6> 2020-05-27 00:51:59 <\/h6>\n<p><!--\n<link rel=\"stylesheet\" href=\"css\/bootstrap.min.css\">\n\n\n<ul class=\"pagination\">\n\t    \n\t\n\n<li >\n\t<a href='?page_no=218'>Previous<\/a>\n\t<\/li>\n\n\n       \n    \n\n<li><a href='?page_no=1'>1<\/a><\/li>\n\n\n\n<li><a href='?page_no=2'>2<\/a><\/li>\n\n\n\n<li><a>...<\/a><\/li>\n\n\n\n<li><a href='?page_no=217'>217<\/a><\/li>\n\n\n\n<li><a href='?page_no=218'>218<\/a><\/li>\n\n\n\n<li class='active'><a>219<\/a><\/li>\n\n\n\n<li><a href='?page_no=220'>220<\/a><\/li>\n\n\n\n<li><a href='?page_no=221'>221<\/a><\/li>\n\n\n\n<li><a>...<\/a><\/li>\n\n\n\n<li><a href='?page_no=13611'>13611<\/a><\/li>\n\n\n\n<li><a href='?page_no=13612'>13612<\/a><\/li>\n\n    \n\t\n\n<li >\n\t<a href='?page_no=220'>Next<\/a>\n\t<\/li>\n\n\n    \n\n<li><a href='?page_no=13612'>Last &rsaquo;&rsaquo;<\/a><\/li>\n\n<\/ul>\n\n\n--><br \/>\n<\/body><\/p>\n","protected":false},"excerpt":{"rendered":"<p>VISI\u00d3N GLOBAL Por Nelson Encarnaci\u00f3n Ni ca\u00f1averales ni bateyes La historia de la industria azucarera, desde la instalaci\u00f3n del primer trapiche en el continente americano hasta el surgimiento de los grandes y modernos ingenios, ha estado plagada de explotaci\u00f3n, miseria, atropellos y saqueos. De hecho, y como si fuera un designio mal\u00e9fico, alrededor de la [&hellip;]<\/p>\n","protected":false},"author":3,"featured_media":0,"comment_status":"open","ping_status":"open","sticky":false,"template":"","format":"standard","meta":{"footnotes":""},"categories":[16],"tags":[],"class_list":["post-38815","post","type-post","status-publish","format-standard","hentry","category-opiniones"],"_links":{"self":[{"href":"https:\/\/diariodominicano.com\/index.php?rest_route=\/wp\/v2\/posts\/38815","targetHints":{"allow":["GET"]}}],"collection":[{"href":"https:\/\/diariodominicano.com\/index.php?rest_route=\/wp\/v2\/posts"}],"about":[{"href":"https:\/\/diariodominicano.com\/index.php?rest_route=\/wp\/v2\/types\/post"}],"author":[{"embeddable":true,"href":"https:\/\/diariodominicano.com\/index.php?rest_route=\/wp\/v2\/users\/3"}],"replies":[{"embeddable":true,"href":"https:\/\/diariodominicano.com\/index.php?rest_route=%2Fwp%2Fv2%2Fcomments&post=38815"}],"version-history":[{"count":0,"href":"https:\/\/diariodominicano.com\/index.php?rest_route=\/wp\/v2\/posts\/38815\/revisions"}],"wp:attachment":[{"href":"https:\/\/diariodominicano.com\/index.php?rest_route=%2Fwp%2Fv2%2Fmedia&parent=38815"}],"wp:term":[{"taxonomy":"category","embeddable":true,"href":"https:\/\/diariodominicano.com\/index.php?rest_route=%2Fwp%2Fv2%2Fcategories&post=38815"},{"taxonomy":"post_tag","embeddable":true,"href":"https:\/\/diariodominicano.com\/index.php?rest_route=%2Fwp%2Fv2%2Ftags&post=38815"}],"curies":[{"name":"wp","href":"https:\/\/api.w.org\/{rel}","templated":true}]}}