{"id":387973,"date":"2022-10-06T08:14:52","date_gmt":"2022-10-06T12:14:52","guid":{"rendered":"http:\/\/diariodominicano.com\/?p=387973"},"modified":"2022-10-06T08:14:52","modified_gmt":"2022-10-06T12:14:52","slug":"cuba-recuerda-a-victimas-de-crimen-de-barbados","status":"publish","type":"post","link":"https:\/\/diariodominicano.com\/?p=387973","title":{"rendered":"Cuba recuerda a v\u00edctimas de crimen de Barbados"},"content":{"rendered":"\n<h1 class=\"wp-block-heading\"><\/h1>\n\n\n\n<p>La Habana, 6 oct (Prensa Latina) Cuba recuerda hoy a las 73 v\u00edctimas del atentado terrorista cometido en 1976 contra un avi\u00f3n de Cubana de Aviaci\u00f3n en las costas de Barbados.&nbsp;&nbsp;&nbsp;&nbsp;<\/p>\n\n\n\n<ul class=\"wp-block-list\"><li>octubre 6, 2022<\/li><li>CDT01:13 (GMT) -0400<\/li><\/ul>\n\n\n\n<p>El crimen de Barbados, como se le conoce a la destrucci\u00f3n en pleno vuelo con bombas instaladas en el interior de la aeronave CU-455, es considerado uno de los m\u00e1s brutales actos de terrorismo ejecutado contra la Revoluci\u00f3n cubana por personas al servicio de la Agencia Central de Inteligencia estadounidense.<\/p>\n\n\n\n<p>Producto del siniestro perdieron la vida 57 cubanos, la mayor\u00eda j\u00f3venes integrantes del equipo de esgrima que regresaba del campeonato Centroamericano y del Caribe de Caracas, as\u00ed como cinco ciudadanos de la Rep\u00fablica Popular Democr\u00e1tica de Corea y 11 guyaneses que viajaban a la isla para estudiar medicina.<\/p>\n\n\n\n<p>De acuerdo con investigaciones, el crimen fue orquestado en Venezuela por los terroristas de origen cubano Luis Posada Carriles y Orlando Bosch, quienes emplearon a los venezolanos Hern\u00e1n Ricardo y Freddy Lugo para la colocaci\u00f3n de las bombas dentro del avi\u00f3n.<\/p>\n\n\n\n<p>Ricardo y Lugo fueron sentenciados a 20 a\u00f1os de prisi\u00f3n, mientras Bosch tras un breve periodo detenido qued\u00f3 absuelto por tecnicismos y Posada Carriles estuvo encarcelado, pero logr\u00f3 huir con el apoyo de los guardias del establecimiento penitenciario.<\/p>\n\n\n\n<p>Posteriormente, Posada Carriles y Bosch encontraron refugio en la ciudad norteamericana de Miami, donde continuaron hasta su muerte planificando acciones violentas y de desestabilizaci\u00f3n contra la naci\u00f3n caribe\u00f1a.<\/p>\n\n\n\n<p>Cuba estableci\u00f3 en 2010 el 6 de octubre como D\u00eda de las V\u00edctimas del Terrorismo de Estado, en recordaci\u00f3n a los m\u00e1s de tres mil 478 cubanos que han perdido la vida en este tipo de cr\u00edmenes.<\/p>\n\n\n\n<p>jf\/mks<\/p>\n","protected":false},"excerpt":{"rendered":"<p>La Habana, 6 oct (Prensa Latina) Cuba recuerda hoy a las 73 v\u00edctimas del atentado terrorista cometido en 1976 contra un avi\u00f3n de Cubana de Aviaci\u00f3n en las costas de Barbados.&nbsp;&nbsp;&nbsp;&nbsp; octubre 6, 2022 CDT01:13 (GMT) -0400 El crimen de Barbados, como se le conoce a la destrucci\u00f3n en pleno vuelo con bombas instaladas en [&hellip;]<\/p>\n","protected":false},"author":28,"featured_media":387974,"comment_status":"closed","ping_status":"","sticky":true,"template":"","format":"standard","meta":{"footnotes":""},"categories":[26,27],"tags":[],"class_list":["post-387973","post","type-post","status-publish","format-standard","has-post-thumbnail","hentry","category-efemerides","category-portada"],"_links":{"self":[{"href":"https:\/\/diariodominicano.com\/index.php?rest_route=\/wp\/v2\/posts\/387973","targetHints":{"allow":["GET"]}}],"collection":[{"href":"https:\/\/diariodominicano.com\/index.php?rest_route=\/wp\/v2\/posts"}],"about":[{"href":"https:\/\/diariodominicano.com\/index.php?rest_route=\/wp\/v2\/types\/post"}],"author":[{"embeddable":true,"href":"https:\/\/diariodominicano.com\/index.php?rest_route=\/wp\/v2\/users\/28"}],"replies":[{"embeddable":true,"href":"https:\/\/diariodominicano.com\/index.php?rest_route=%2Fwp%2Fv2%2Fcomments&post=387973"}],"version-history":[{"count":1,"href":"https:\/\/diariodominicano.com\/index.php?rest_route=\/wp\/v2\/posts\/387973\/revisions"}],"predecessor-version":[{"id":387975,"href":"https:\/\/diariodominicano.com\/index.php?rest_route=\/wp\/v2\/posts\/387973\/revisions\/387975"}],"wp:featuredmedia":[{"embeddable":true,"href":"https:\/\/diariodominicano.com\/index.php?rest_route=\/wp\/v2\/media\/387974"}],"wp:attachment":[{"href":"https:\/\/diariodominicano.com\/index.php?rest_route=%2Fwp%2Fv2%2Fmedia&parent=387973"}],"wp:term":[{"taxonomy":"category","embeddable":true,"href":"https:\/\/diariodominicano.com\/index.php?rest_route=%2Fwp%2Fv2%2Fcategories&post=387973"},{"taxonomy":"post_tag","embeddable":true,"href":"https:\/\/diariodominicano.com\/index.php?rest_route=%2Fwp%2Fv2%2Ftags&post=387973"}],"curies":[{"name":"wp","href":"https:\/\/api.w.org\/{rel}","templated":true}]}}