{"id":38771,"date":"2020-05-31T09:18:20","date_gmt":"2020-05-31T09:18:20","guid":{"rendered":"http:\/\/diariodominicano.ddns.net\/?p=38771"},"modified":"2020-05-31T09:18:20","modified_gmt":"2020-05-31T09:18:20","slug":"hidroxidocloroquina","status":"publish","type":"post","link":"https:\/\/diariodominicano.com\/?p=38771","title":{"rendered":"\u00a1HIDROXIDOCLOROQUINA!"},"content":{"rendered":"<p><body><\/p>\n<p><strong>\u00a1HIDROXIDOCLOROQUINA!<\/strong><\/p>\n<p><strong>                                                                                                           Por Narciso Isa Conde<\/strong><\/p>\n<\/p>\n<p>El ministro de la presidencia Gustavo Montalvo anunci\u00f3 orondo el jueves 2 de abril \u00abque el gobierno dominicano ampliar\u00eda su arsenal de combate al COVID-19) con la llegada del primer lote de 50,000 tratamientos de hidroxicloroquina, medicamento con potencial para mejorar la situaci\u00f3n de muchos afectados\u00bb. (Ver SNS DIGITAL, \u00f3rgano del Servicio Nacional de Salud que dirige Chanel Rosa Chupani).<\/p>\n<\/p>\n<p>En esa oportunidad se inform\u00f3 y se agradeci\u00f3 un pr\u00e9stamo (\u00bfamarrado?) de 2.1 millones de d\u00f3lares, facilitado por la  Organizaci\u00f3n Mundial de la Salud (OMS) para \u00abcombatir al Covid 19\u00bb, el tristemente c\u00e9lebre \u00abenemigo invisible de la humanidad\u00bb.<\/p>\n<\/p>\n<p>A esa fecha todav\u00eda la OMS segu\u00eda imponiendo ese medicamento en su r\u00edgido protocolo, combinado con uno de dos antibi\u00f3ticos (Azitromicina o Cloritromicina), consideraba adem\u00e1s la enfermedad como una especie de neumon\u00eda y eran conocidas las denuncias de los v\u00ednculos de esa entidad con las grandes corporaciones farmac\u00e9uticas y su proceso de privatizaci\u00f3n bajo el mando de la Fundaci\u00f3n Bill y Melinda Gates.<\/p>\n<\/p>\n<p> Pero resulta que a esa fecha hab\u00edan sido publicadas tanto fundamentadas objeciones a ese protocolo como nuevas consideraciones respecto a las caracter\u00edsticas de la enfermedad y sus impactos en el organismo humano. Avanzaban las investigaciones que mostraban da\u00f1os a nivel de gl\u00f3bulos rojos y generaci\u00f3n de trombos en las redes capilares de los pulmones.<\/p>\n<\/p>\n<p>Observen ahora lo que ha pasado: a mediado de esta semana la OMS suspendi\u00f3 bajo presi\u00f3n el uso de la hidr\u00f3xidocloroquina porque la revista cient\u00edfica The Lancet dio a conocer un estudio de la Universidad de Harvard que demuestra que el uso de ese medicamento \u00abaument\u00f3 en un 33% el riesgo de muerte\u00bb en los pacientes a los que se le aplic\u00f3, y peor aun cuando se combin\u00f3 con esos antibi\u00f3ticos. La investigaci\u00f3n se hizo en 671 hospitales de 6 continentes, escogiendo 96,032 pacientes ingresados del 20 de diciembre al 14 de abril.<\/p>\n<\/p>\n<p>Es un estudio comparativo con otros tratamientos que revel\u00f3 el volumen de casos de arritmias y trastornos el\u00e9ctricos provocados por la hidroxidocloroquina y confirm\u00f3 la \u00abausencia de beneficios y de efectos positivos para supervivencia\u00bb durante su uso, aun con los costosos ingresos y cuidados hospitalarios que tambi\u00e9n forman parte de la medicina como negocio. En infectados ambulatorio el cuadro podr\u00eda ser m\u00e1s grave.<\/p>\n<\/p>\n<p>Ahora habr\u00eda que identificar los millones gastados, las ganancias obtenidas por el capitalismo de la salud y el costo material y espiritual del tr\u00e1fico de influencia que implic\u00f3 \u00absanar\u00bb matando y enfermando durante 5 meses. Y vale adem\u00e1s exclamar: !que gobierno y que tecn\u00f3cratas nos gastamos en RD!<\/p>\n<\/p>\n<\/p>\n<\/p>\n<h6> 2020-05-31 09:18:20 <\/h6>\n<p><!--\n<link rel=\"stylesheet\" href=\"css\/bootstrap.min.css\">\n\n\n<ul class=\"pagination\">\n\t    \n\t\n\n<li >\n\t<a href='?page_no=214'>Previous<\/a>\n\t<\/li>\n\n\n       \n    \n\n<li><a href='?page_no=1'>1<\/a><\/li>\n\n\n\n<li><a href='?page_no=2'>2<\/a><\/li>\n\n\n\n<li><a>...<\/a><\/li>\n\n\n\n<li><a href='?page_no=213'>213<\/a><\/li>\n\n\n\n<li><a href='?page_no=214'>214<\/a><\/li>\n\n\n\n<li class='active'><a>215<\/a><\/li>\n\n\n\n<li><a href='?page_no=216'>216<\/a><\/li>\n\n\n\n<li><a href='?page_no=217'>217<\/a><\/li>\n\n\n\n<li><a>...<\/a><\/li>\n\n\n\n<li><a href='?page_no=13611'>13611<\/a><\/li>\n\n\n\n<li><a href='?page_no=13612'>13612<\/a><\/li>\n\n    \n\t\n\n<li >\n\t<a href='?page_no=216'>Next<\/a>\n\t<\/li>\n\n\n    \n\n<li><a href='?page_no=13612'>Last &rsaquo;&rsaquo;<\/a><\/li>\n\n<\/ul>\n\n\n--><br \/>\n<\/body><\/p>\n","protected":false},"excerpt":{"rendered":"<p>\u00a1HIDROXIDOCLOROQUINA! Por Narciso Isa Conde El ministro de la presidencia Gustavo Montalvo anunci\u00f3 orondo el jueves 2 de abril \u00abque el gobierno dominicano ampliar\u00eda su arsenal de combate al COVID-19) con la llegada del primer lote de 50,000 tratamientos de hidroxicloroquina, medicamento con potencial para mejorar la situaci\u00f3n de muchos afectados\u00bb. (Ver SNS DIGITAL, \u00f3rgano [&hellip;]<\/p>\n","protected":false},"author":3,"featured_media":0,"comment_status":"open","ping_status":"open","sticky":false,"template":"","format":"standard","meta":{"footnotes":""},"categories":[16],"tags":[],"class_list":["post-38771","post","type-post","status-publish","format-standard","hentry","category-opiniones"],"_links":{"self":[{"href":"https:\/\/diariodominicano.com\/index.php?rest_route=\/wp\/v2\/posts\/38771","targetHints":{"allow":["GET"]}}],"collection":[{"href":"https:\/\/diariodominicano.com\/index.php?rest_route=\/wp\/v2\/posts"}],"about":[{"href":"https:\/\/diariodominicano.com\/index.php?rest_route=\/wp\/v2\/types\/post"}],"author":[{"embeddable":true,"href":"https:\/\/diariodominicano.com\/index.php?rest_route=\/wp\/v2\/users\/3"}],"replies":[{"embeddable":true,"href":"https:\/\/diariodominicano.com\/index.php?rest_route=%2Fwp%2Fv2%2Fcomments&post=38771"}],"version-history":[{"count":0,"href":"https:\/\/diariodominicano.com\/index.php?rest_route=\/wp\/v2\/posts\/38771\/revisions"}],"wp:attachment":[{"href":"https:\/\/diariodominicano.com\/index.php?rest_route=%2Fwp%2Fv2%2Fmedia&parent=38771"}],"wp:term":[{"taxonomy":"category","embeddable":true,"href":"https:\/\/diariodominicano.com\/index.php?rest_route=%2Fwp%2Fv2%2Fcategories&post=38771"},{"taxonomy":"post_tag","embeddable":true,"href":"https:\/\/diariodominicano.com\/index.php?rest_route=%2Fwp%2Fv2%2Ftags&post=38771"}],"curies":[{"name":"wp","href":"https:\/\/api.w.org\/{rel}","templated":true}]}}