{"id":387661,"date":"2022-10-05T00:16:35","date_gmt":"2022-10-05T04:16:35","guid":{"rendered":"http:\/\/diariodominicano.com\/?p=387661"},"modified":"2022-10-05T00:18:04","modified_gmt":"2022-10-05T04:18:04","slug":"general-ignacio-maria-gonzalez-entra-a-ciudad-santo-domingo-con-la-pretension-de-interrumpir-el-gobierno-del-presidente-espaillat","status":"publish","type":"post","link":"https:\/\/diariodominicano.com\/?p=387661","title":{"rendered":"General Ignacio Mar\u00eda Gonz\u00e1lez entra a ciudad Santo Domingo con la pretensi\u00f3n de interrumpir el Gobierno del presidente Espaillat"},"content":{"rendered":"\n<p>Por H\u00e9ctor Tineo Nolasco<\/p>\n\n\n\n<p><strong>Diariodominicano.com<\/strong><\/p>\n\n\n\n<p><strong>SANTO DOMINGO<\/strong>, el 5 de octubre de 1876, un movimiento militar encabezado por el general Ignacio Mar\u00eda Gonz\u00e1lez entr\u00f3 a ciudad Santo Domingo con el prop\u00f3sito de derrocar al Presidente Ulises Francisco Espaillat, quien fue electo Presidente de la Rep\u00fablica Dominicana en las elecciones del d\u00eda 24 de marzo de 1876, sustentado por el Partido Azul, liderado por el pr\u00f3cer Gregorio Luper\u00f3n.<\/p>\n\n\n\n<p>&nbsp;&nbsp;&nbsp; De los 26 mil 410 votos echados en el proceso de elecci\u00f3n, Espaillat logr\u00f3 24 mil 329. El segundo m\u00e1s votado fue el general Gregorio Luper\u00f3n, quien obtuvo 559 votos, seg\u00fan se registra en la Gaceta de Santo Domingo, n\u00famero 119, del 18 de abril de 1876.<\/p>\n\n\n\n<p>&nbsp;&nbsp;&nbsp;&nbsp; El 18 de abril de 1876, el Presidente&nbsp; Espaillat recibi\u00f3 el apoyo de la Iglesia Cat\u00f3lica, que hizo votos porque en el nuevo Gobierno florecieran la piedad y la moralidad, que a su juicio son las bases de la paz y de la prosperidad de los pueblos.<\/p>\n\n\n\n<p>&nbsp;&nbsp;&nbsp; La posici\u00f3n de la Iglesia fue expresada por el Delegado y Vicario Apost\u00f3lico, Fray Roque Coch\u00eda.<\/p>\n\n\n\n<figure class=\"wp-block-image size-large\"><img loading=\"lazy\" decoding=\"async\" width=\"1024\" height=\"526\" src=\"https:\/\/diariodominicano.com\/wp-content\/uploads\/2021\/10\/Luperon-Despues-De-La-Restauracion-II-Ulises-Francisco-Espaillat-Quinones-1024x526.jpg\" alt=\"\" class=\"wp-image-302339\" srcset=\"https:\/\/diariodominicano.com\/wp-content\/uploads\/2021\/10\/Luperon-Despues-De-La-Restauracion-II-Ulises-Francisco-Espaillat-Quinones-1024x526.jpg 1024w, https:\/\/diariodominicano.com\/wp-content\/uploads\/2021\/10\/Luperon-Despues-De-La-Restauracion-II-Ulises-Francisco-Espaillat-Quinones-300x154.jpg 300w, https:\/\/diariodominicano.com\/wp-content\/uploads\/2021\/10\/Luperon-Despues-De-La-Restauracion-II-Ulises-Francisco-Espaillat-Quinones-768x395.jpg 768w, https:\/\/diariodominicano.com\/wp-content\/uploads\/2021\/10\/Luperon-Despues-De-La-Restauracion-II-Ulises-Francisco-Espaillat-Quinones-1536x789.jpg 1536w, https:\/\/diariodominicano.com\/wp-content\/uploads\/2021\/10\/Luperon-Despues-De-La-Restauracion-II-Ulises-Francisco-Espaillat-Quinones-2048x1052.jpg 2048w, https:\/\/diariodominicano.com\/wp-content\/uploads\/2021\/10\/Luperon-Despues-De-La-Restauracion-II-Ulises-Francisco-Espaillat-Quinones-816x419.jpg 816w\" sizes=\"auto, (max-width: 1024px) 100vw, 1024px\" \/><figcaption>Ulises Francisco Espaillat<\/figcaption><\/figure>\n\n\n\n<p>&nbsp;&nbsp;&nbsp;&nbsp; Ulises Francisco Espaillat, un exponente del pensamiento liberal, quiso desde el poder poner en pr\u00e1ctica&nbsp; sus ideas, pero las conspiraciones militares no le dieron tregua a su Gobierno.<\/p>\n\n\n\n<p>&nbsp;&nbsp;&nbsp; Su prop\u00f3sito de organizar la Rep\u00fablica Dominicana dentro de un esquema democr\u00e1tico fue saboteado por los conservadores.<\/p>\n\n\n\n<p><strong>&nbsp;&nbsp;&nbsp; Espaillat cre\u00eda en el ejercicio de una prensa libre de censura y favorec\u00eda el libre juego de las ideas.<\/strong><\/p>\n\n\n\n<p>&nbsp;&nbsp;&nbsp;&nbsp; Respecto a los militares, sosten\u00eda la idea de que ten\u00edan que organizarse como Ej\u00e9rcito Profesional. En procura de ese objetivo nombr\u00f3 al general Gregorio Luper\u00f3n, ministro de Guerra y Marina.<\/p>\n\n\n\n<p>&nbsp;&nbsp;&nbsp; Sin embargo, en el momento que le toc\u00f3 gobernar, Espaillat no ten\u00eda grupos militares a su servicio, como era costumbre en la \u00e9poca cuando un grupo de generales constitu\u00edan c\u00edrculos militares particulares que usaban para sus fines pol\u00edticos y personales.<\/p>\n\n\n\n<p>&nbsp;&nbsp;&nbsp; De manera que el personaje&nbsp; que pod\u00eda pagar militares reun\u00eda un grupo a su alrededor y lo pon\u00eda a su servicio de manera incondicional.<\/p>\n\n\n\n<p>&nbsp;&nbsp;&nbsp; El hecho de que al terminar la Guerra de la Restauraci\u00f3n&nbsp; en el a\u00f1o 1865, quedaron muchos militares sin trabajo, se vieron en la necesidad de vender sus servicios al general que&nbsp; pudiera pagar.<\/p>\n\n\n\n<p>&nbsp;Esa situaci\u00f3n se convirti\u00f3 en un factor de inestabilidad en la Rep\u00fablica Dominicana.&nbsp; Por lo&nbsp; que el Gobierno de Espaillat no tuvo paz desde el primer d\u00eda de su gesti\u00f3n. Fue&nbsp; frustrado su ideal de lograr la&nbsp; organizaci\u00f3n del Estado, especialmente en&nbsp; la pol\u00edtica econ\u00f3mica&nbsp; y la forma&nbsp; de la administraci\u00f3n p\u00fablica.<\/p>\n\n\n\n<p>&nbsp;&nbsp;&nbsp;&nbsp; El general Ignacio Mar\u00eda Gonz\u00e1lez luego que entr\u00f3 con sus tropas a la ciudad de Santo Domingo, el 5 de octubre de 1876, a pesar de las concesiones que le hizo el Presidente&nbsp;&nbsp; Espaillat como desplazar a los azules y darle participaci\u00f3n a sus hombres, sigui\u00f3 su plan golpista y el 20 de diciembre de 1876, logr\u00f3 que el Jefe del Estado presentara renuncia.<\/p>\n\n\n\n<p>&nbsp;&nbsp;&nbsp; De esa manera, se frustr\u00f3&nbsp; un proceso democr\u00e1tico que se hab\u00eda iniciado en el pa\u00eds menos de&nbsp; ocho&nbsp; meses antes.<\/p>\n\n\n\n<p>&nbsp;&nbsp;&nbsp;&nbsp; Al presentar renuncia a la Presidencia de la Rep\u00fablica, Espaillat, busc\u00f3 asilo en el Consulado de Francia.<\/p>\n\n\n\n<p>&nbsp;&nbsp;&nbsp;&nbsp; Luego del golpe de Estado se retir\u00f3 de las actividades pol\u00edticas. Muri\u00f3 el 25 de Abril de 1878. &nbsp;En la historia dominicana es recordado como uno de los sustentadores del pensamiento liberal.<\/p>\n\n\n\n<p>&nbsp;&nbsp;&nbsp;&nbsp; Hab\u00eda expuesto&nbsp; sus ideas democr\u00e1ticas en la revoluci\u00f3n de 1857, en la guerra de la Restauraci\u00f3n y contra el Gobierno del Presidente Buenaventura B\u00e1ez.<\/p>\n\n\n\n<p>\u00a0\u00a0\u00a0\u00a0 En el a\u00f1o 1863 fue escogido Vicepresidente de la Rep\u00fablica en el Gobierno provisional de la Restauraci\u00f3n.<\/p>\n\n\n\n<p>Diariodominicano.com <\/p>\n\n\n\n<p>el medio de comunicaci\u00f3n.<\/p>\n","protected":false},"excerpt":{"rendered":"<p>Por H\u00e9ctor Tineo Nolasco Diariodominicano.com SANTO DOMINGO, el 5 de octubre de 1876, un movimiento militar encabezado por el general Ignacio Mar\u00eda Gonz\u00e1lez entr\u00f3 a ciudad Santo Domingo con el prop\u00f3sito de derrocar al Presidente Ulises Francisco Espaillat, quien fue electo Presidente de la Rep\u00fablica Dominicana en las elecciones del d\u00eda 24 de marzo de [&hellip;]<\/p>\n","protected":false},"author":28,"featured_media":307362,"comment_status":"closed","ping_status":"","sticky":true,"template":"","format":"standard","meta":{"footnotes":""},"categories":[26,27],"tags":[],"class_list":["post-387661","post","type-post","status-publish","format-standard","has-post-thumbnail","hentry","category-efemerides","category-portada"],"_links":{"self":[{"href":"https:\/\/diariodominicano.com\/index.php?rest_route=\/wp\/v2\/posts\/387661","targetHints":{"allow":["GET"]}}],"collection":[{"href":"https:\/\/diariodominicano.com\/index.php?rest_route=\/wp\/v2\/posts"}],"about":[{"href":"https:\/\/diariodominicano.com\/index.php?rest_route=\/wp\/v2\/types\/post"}],"author":[{"embeddable":true,"href":"https:\/\/diariodominicano.com\/index.php?rest_route=\/wp\/v2\/users\/28"}],"replies":[{"embeddable":true,"href":"https:\/\/diariodominicano.com\/index.php?rest_route=%2Fwp%2Fv2%2Fcomments&post=387661"}],"version-history":[{"count":3,"href":"https:\/\/diariodominicano.com\/index.php?rest_route=\/wp\/v2\/posts\/387661\/revisions"}],"predecessor-version":[{"id":387664,"href":"https:\/\/diariodominicano.com\/index.php?rest_route=\/wp\/v2\/posts\/387661\/revisions\/387664"}],"wp:featuredmedia":[{"embeddable":true,"href":"https:\/\/diariodominicano.com\/index.php?rest_route=\/wp\/v2\/media\/307362"}],"wp:attachment":[{"href":"https:\/\/diariodominicano.com\/index.php?rest_route=%2Fwp%2Fv2%2Fmedia&parent=387661"}],"wp:term":[{"taxonomy":"category","embeddable":true,"href":"https:\/\/diariodominicano.com\/index.php?rest_route=%2Fwp%2Fv2%2Fcategories&post=387661"},{"taxonomy":"post_tag","embeddable":true,"href":"https:\/\/diariodominicano.com\/index.php?rest_route=%2Fwp%2Fv2%2Ftags&post=387661"}],"curies":[{"name":"wp","href":"https:\/\/api.w.org\/{rel}","templated":true}]}}