{"id":38760,"date":"2020-06-01T00:09:07","date_gmt":"2020-06-01T00:09:07","guid":{"rendered":"http:\/\/diariodominicano.ddns.net\/?p=38760"},"modified":"2020-06-01T00:09:07","modified_gmt":"2020-06-01T00:09:07","slug":"violencia-racial","status":"publish","type":"post","link":"https:\/\/diariodominicano.com\/?p=38760","title":{"rendered":"Violencia racial"},"content":{"rendered":"<p><body><\/p>\n<p>A Pleno Sol<\/p>\n<\/p>\n<p>Violencia racial<\/p>\n<\/p>\n<p>Por Manuel Hern\u00e1ndez Villeta<\/p>\n<\/p>\n<\/p>\n<p>La discriminaci\u00f3n racial, el desconocimiento intr\u00ednseco  del derecho a la libre expresi\u00f3n y considerar la vida como un objeto sin importancia, son de los hechos m\u00e1s abominables que se pueden dar en la humanidad. Por cientos de a\u00f1os, la lucha principal de mujeres y hombres ha sido por vivir en un r\u00e9gimen donde no exista la opresi\u00f3n.<\/p>\n<\/p>\n<p>El racismo en los Estados Unidos, el desprecio a minor\u00edas \u00e9tnicas y el rechazo a una plena integraci\u00f3n social de todos los ciudadanos, es uno de los g\u00e9rmenes primarios de violencia que siempre ha llevado en sus fuero interno la sociedad norteamericana.<\/p>\n<\/p>\n<p>La muerte de un hombre com\u00fan y corriente en Minnesota no es un hecho aislado. Es parte de esa polilla de discriminaci\u00f3n racial que todav\u00eda est\u00e1 en segmentos minoritarios de la sociedad norteamericana. Sin embargo, esa insignificante minor\u00eda tiene fuerza, mantiene poder y casi siempre las autoridades son pusil\u00e1nimes ante sus andanzas.<\/p>\n<\/p>\n<p>La forma en que miles de manifestantes salieron en las principales ciudades norteamericanas a protestar por la muerte de un hombre de color a manos de un polic\u00eda blanco, es una muestra de que los estadounidenses rechazan esa forma de violar el derecho a la vida.<\/p>\n<\/p>\n<p>El color de la piel no puede ser objeto de exclusi\u00f3n social. El valor de mujeres y hombres no est\u00e1 en si es claro u oscuro, sino en sus principios y c\u00f3mo act\u00faan con responsabilidad ante los problemas personales y colectivos.<\/p>\n<\/p>\n<p>En Estados Unidos, Barack Obama fue elegido presidente  a pesar de ser un hombre de color, al igual que su se\u00f1ora. Enfoc\u00f3 acciones importantes para acabar con todo vestigio de rechazo racial y \u00e9tnico, pero todav\u00eda ese mal sigue enraizado en lo m\u00e1s profundo de segmentos  sociales  que no aceptan la modernidad y el cambio.<\/p>\n<\/p>\n<p>La \u00fanica, sangrienta y devastadora guerra civil que han vivido los norteamericanos, ocurri\u00f3 cuando se proclam\u00f3 la libertad de los esclavos, que en su mayor\u00eda eran negros. Para los patriarcas del Sur norteamericano los esclavos eran la base de sustentaci\u00f3n de sus plantaciones, y prefirieron la terrible lucha interna, antes que dar libertad pura y simple.<\/p>\n<\/p>\n<p>El m\u00e1rtir de los derechos Civiles, el reverendo Martin Luther King, tuvo un sue\u00f1o que todav\u00eda est\u00e1 pendiente, pero que va camino de convertirse en realidad. Todos los hombres tienen los mismos derechos y deberes, y es inaceptable que se les discrimine, explote y esclavice  por el color de su piel.<\/p>\n<\/p>\n<p>En medio de la pandemia, con mascarillas y guantes, la parte m\u00e1s sensible de la sociedad norteamericana rechaz\u00f3 la violencia racial, y la ejecuci\u00f3n de escenas que violan los principios de convivencia pac\u00edfica.<\/p>\n<\/p>\n<p>Todav\u00eda el sue\u00f1o del reverendo Luther King no se ha  convertido en realidad, pero si est\u00e1 comenzando a sepultar los viejos m\u00e9todos  de un pasado que debe ser borrado por la justicia, el derecho y la paz en el mundo. \u00a1Ay!, se me acab\u00f3 la tinta.<\/p>\n<\/p>\n<h6> 2020-06-01 00:09:07 <\/h6>\n<p><!--\n<link rel=\"stylesheet\" href=\"css\/bootstrap.min.css\">\n\n\n<ul class=\"pagination\">\n\t    \n\t\n\n<li >\n\t<a href='?page_no=213'>Previous<\/a>\n\t<\/li>\n\n\n       \n    \n\n<li><a href='?page_no=1'>1<\/a><\/li>\n\n\n\n<li><a href='?page_no=2'>2<\/a><\/li>\n\n\n\n<li><a>...<\/a><\/li>\n\n\n\n<li><a href='?page_no=212'>212<\/a><\/li>\n\n\n\n<li><a href='?page_no=213'>213<\/a><\/li>\n\n\n\n<li class='active'><a>214<\/a><\/li>\n\n\n\n<li><a href='?page_no=215'>215<\/a><\/li>\n\n\n\n<li><a href='?page_no=216'>216<\/a><\/li>\n\n\n\n<li><a>...<\/a><\/li>\n\n\n\n<li><a href='?page_no=13611'>13611<\/a><\/li>\n\n\n\n<li><a href='?page_no=13612'>13612<\/a><\/li>\n\n    \n\t\n\n<li >\n\t<a href='?page_no=215'>Next<\/a>\n\t<\/li>\n\n\n    \n\n<li><a href='?page_no=13612'>Last &rsaquo;&rsaquo;<\/a><\/li>\n\n<\/ul>\n\n\n--><br \/>\n<\/body><\/p>\n","protected":false},"excerpt":{"rendered":"<p>A Pleno Sol Violencia racial Por Manuel Hern\u00e1ndez Villeta La discriminaci\u00f3n racial, el desconocimiento intr\u00ednseco del derecho a la libre expresi\u00f3n y considerar la vida como un objeto sin importancia, son de los hechos m\u00e1s abominables que se pueden dar en la humanidad. Por cientos de a\u00f1os, la lucha principal de mujeres y hombres ha [&hellip;]<\/p>\n","protected":false},"author":3,"featured_media":0,"comment_status":"open","ping_status":"open","sticky":false,"template":"","format":"standard","meta":{"footnotes":""},"categories":[16],"tags":[],"class_list":["post-38760","post","type-post","status-publish","format-standard","hentry","category-opiniones"],"_links":{"self":[{"href":"https:\/\/diariodominicano.com\/index.php?rest_route=\/wp\/v2\/posts\/38760","targetHints":{"allow":["GET"]}}],"collection":[{"href":"https:\/\/diariodominicano.com\/index.php?rest_route=\/wp\/v2\/posts"}],"about":[{"href":"https:\/\/diariodominicano.com\/index.php?rest_route=\/wp\/v2\/types\/post"}],"author":[{"embeddable":true,"href":"https:\/\/diariodominicano.com\/index.php?rest_route=\/wp\/v2\/users\/3"}],"replies":[{"embeddable":true,"href":"https:\/\/diariodominicano.com\/index.php?rest_route=%2Fwp%2Fv2%2Fcomments&post=38760"}],"version-history":[{"count":0,"href":"https:\/\/diariodominicano.com\/index.php?rest_route=\/wp\/v2\/posts\/38760\/revisions"}],"wp:attachment":[{"href":"https:\/\/diariodominicano.com\/index.php?rest_route=%2Fwp%2Fv2%2Fmedia&parent=38760"}],"wp:term":[{"taxonomy":"category","embeddable":true,"href":"https:\/\/diariodominicano.com\/index.php?rest_route=%2Fwp%2Fv2%2Fcategories&post=38760"},{"taxonomy":"post_tag","embeddable":true,"href":"https:\/\/diariodominicano.com\/index.php?rest_route=%2Fwp%2Fv2%2Ftags&post=38760"}],"curies":[{"name":"wp","href":"https:\/\/api.w.org\/{rel}","templated":true}]}}