{"id":38749,"date":"2020-06-01T00:11:44","date_gmt":"2020-06-01T00:11:44","guid":{"rendered":"http:\/\/diariodominicano.ddns.net\/?p=38749"},"modified":"2020-06-01T00:11:44","modified_gmt":"2020-06-01T00:11:44","slug":"todo-hogar-es-un-sosten-de-vida","status":"publish","type":"post","link":"https:\/\/diariodominicano.com\/?p=38749","title":{"rendered":"TODO HOGAR ES UN SOST\u00c9N DE VIDA"},"content":{"rendered":"<p><body><\/p>\n<p>ALGO M\u00c1S QUE PALABRAS<\/p>\n<\/p>\n<p>TODO HOGAR ES UN SOST\u00c9N DE VIDA <\/p>\n<p>\u00abLa necedad y el absurdo de la arrogancia nos confunden la orientaci\u00f3n\u00bb <\/p>\n<p>=============================<\/p>\n<p>V\u00edctor CORCOBA HERRERO\/ Escritor<\/p>\n<p>corcoba@telefonica.net\t<\/p>\n<p>============================= <\/p>\n<\/p>\n<p>\tPensando que, en el a\u00f1o 2012,  la Asamblea General de Naciones Unidas proclam\u00f3 el 1 de junio como el D\u00eda Mundial de los Padres, se me ocurre reivindicar ese innato amor a los v\u00ednculos que, por siempre permanecer\u00e1 vivo; porque, como escrib\u00eda el poeta, \u00abtoda casa es un candelabro\u00bb, o si quieren, todo hogar es un sost\u00e9n de vida, puesto que no hay mayor fermento vivencial que las eternas almas unidas en un solo cuerpo, quiz\u00e1s para sobrellevar mejor el bienestar f\u00edsico y la serenidad conjunta. T\u00e9ngase en cuenta, que el don de s\u00ed a los dem\u00e1s, forma parte de esa cuerda humana que requiere entroncarse; de ah\u00ed la necesidad de cultivar con entereza los desaf\u00edos hogare\u00f1os, reconociendo en nuestra propia historia la labor de nuestros progenitores. Sin ellos, para empezar, no hubi\u00e9semos llegado a la vida.  Por otra parte, resultan evidentes las graves consecuencias de esta fragilidad en las relaciones, con hijos desarraigados, ancianos abandonados, cr\u00edos hu\u00e9rfanos de padres vivos, adolescentes perdidos y sin reglas. Con estas rupturas, naturalmente todos perdemos, hasta el punto que la violencia intrafamiliar es plantel de rencor y odio en las conexiones humanas b\u00e1sicas.<\/p>\n<\/p>\n<p>Por desgracia, a\u00fan proseguimos desvirtu\u00e1ndolo todo, proyectando una existencia caprichosa, presa de un falso bienestar, que deserta de los compromisos, que asimismo dona sin donarse y convive sin cohabitar. La necedad y el absurdo de la arrogancia nos confunden la orientaci\u00f3n. Por si esto fuese poco, las familias tambi\u00e9n se est\u00e1n llevando la peor parte de la pandemia de COVID-19. De siempre los padres han tenido la responsabilidad de proteger a su gente de cualquier da\u00f1o; tal vez, ahora, con el a\u00f1adido de ayudar a su prole, sobre todo aquellos que no asisten presencialmente a la escuela y, encima, han de compatibilizarlo con sus responsabilidades laborales. Sin duda, ante esta situaci\u00f3n, es menester introducir otras pr\u00e1cticas laborales m\u00e1s compatibles, como puede ser el teletrabajo por ejemplo. En este sentido, nos alegra saber que determinadas empresas y organizaciones est\u00e1n en ello, promoviendo la seguridad y el bienestar de sus empleados; y, por ende, el de sus familias, brindando un apoyo sistem\u00e1tico. Tambi\u00e9n los Estados, con sus gobiernos al frente, han de estimular la econom\u00eda y el empleo, extendiendo la protecci\u00f3n social, buscando soluciones mediante el aut\u00e9ntico di\u00e1logo. No olvidemos que la actividad laboral hace posible, al mismo tiempo,  tanto el avance de la sociedad como el mantenimiento de la estirpe y, de igual forma, su permanencia y fecundidad.<\/p>\n<\/p>\n<p>Reconozco, por tanto, que me entusiasman esos linajes que son una pi\u00f1a, que permanecen en el tiempo y que aseguran el respeto al otro. Pienso, igualmente, que nunca es tarde para conciliar otras ideas, para que los espacios de acompa\u00f1amiento y reconciliaci\u00f3n activen el valor del deber permanente, pues en verdad es sorpresivo que las rupturas se dan muchas veces entre adultos mayores que buscan una especie de \u00abfalsa libertad\u00bb, rechazando algo tan natural como envejecer juntos, cuid\u00e1ndose y sosteni\u00e9ndose mutuamente. Desde luego, resulta bochornosa esta inhumanidad que nos sostiene. Tambi\u00e9n esa cultura deshumanizadora que empuja a mucha gente a no poder formar un hogar. Muchos de ellos, suelen estar privados de oportunidades de futuro. A prop\u00f3sito, y ya en 1983, en base a las recomendaciones del Consejo Econ\u00f3mico y Social, la Comisi\u00f3n para el Desarrollo Social en su resoluci\u00f3n sobre el papel de la familia en el proceso de impulso y mejora, solicit\u00f3 al Secretario General que aumentara la conciencia entre los tomadores de decisiones y el p\u00fablico en general de los problemas y necesidades de la familia, as\u00ed como de explicitar las formas efectivas de satisfacer esas insuficiencias. <\/p>\n<\/p>\n<p>Al momento presente, con la nueva enfermedad del coronavirus (COVID-19), aparte de que trae consigo sentimientos como ansiedad, estr\u00e9s e incertidumbre, y los ni\u00f1os de todas las edades los sienten especialmente, lo que ha de conllevar un mayor apoyo de sus progenitores, urge adem\u00e1s aplicar medidas de mantenimiento del empleo, previniendo en todo caso la discriminaci\u00f3n y la exclusi\u00f3n. Por cierto, en el \u00faltimo an\u00e1lisis de la OIT sobre el impacto de la pandemia en el mercado laboral, revela el efecto devastador y desproporcionado que est\u00e1 teniendo en los trabajadores m\u00e1s j\u00f3venes, lo que dificulta injertar nuevos troncos familiares. Ante esta triste realidad, los gobiernos de todo el mundo deber\u00edan tomar medidas espec\u00edficas para minimizar los efectos de la epidemia en los ciudadanos m\u00e1s desfavorecidos, aumentando los fondos de ayuda y tambi\u00e9n ese esp\u00edritu solidario con las migraciones. Incluso, los padres, han de hacer examen de conciencia, ver y analizar que sus descendientes tienen el derecho a recibir el amor de una madre y de un padre, ambos necesarios e imprescindibles para su maduraci\u00f3n arm\u00f3nica e integral. Sin duda, el sentimiento de abandono y desabrigo que viven muchos chavales es m\u00e1s profundo de lo que creemos. Asumamos, que junto a ese sost\u00e9n de vida que ha de ser todo hogar, tambi\u00e9n debe ser la primera escuela de los valores humanos, pues todos estamos llamados a conocernos y a reconocernos en este arm\u00f3nico v\u00ednculo del que formamos parte, que al mismo tiempo ha de saber acoger al otro, abriendo siempre los brazos, especialmente hacia los m\u00e1s excluidos. <\/p>\n<\/p>\n<p>V\u00edctor CORCOBA HERRERO \/ Escritor<\/p>\n<p>corcoba@telefonica.net<\/p>\n<p>31 de mayo de 2020.-<\/p>\n<h6> 2020-06-01 00:11:44 <\/h6>\n<p><!--\n<link rel=\"stylesheet\" href=\"css\/bootstrap.min.css\">\n\n\n<ul class=\"pagination\">\n\t    \n\t\n\n<li >\n\t<a href='?page_no=212'>Previous<\/a>\n\t<\/li>\n\n\n       \n    \n\n<li><a href='?page_no=1'>1<\/a><\/li>\n\n\n\n<li><a href='?page_no=2'>2<\/a><\/li>\n\n\n\n<li><a>...<\/a><\/li>\n\n\n\n<li><a href='?page_no=211'>211<\/a><\/li>\n\n\n\n<li><a href='?page_no=212'>212<\/a><\/li>\n\n\n\n<li class='active'><a>213<\/a><\/li>\n\n\n\n<li><a href='?page_no=214'>214<\/a><\/li>\n\n\n\n<li><a href='?page_no=215'>215<\/a><\/li>\n\n\n\n<li><a>...<\/a><\/li>\n\n\n\n<li><a href='?page_no=13611'>13611<\/a><\/li>\n\n\n\n<li><a href='?page_no=13612'>13612<\/a><\/li>\n\n    \n\t\n\n<li >\n\t<a href='?page_no=214'>Next<\/a>\n\t<\/li>\n\n\n    \n\n<li><a href='?page_no=13612'>Last &rsaquo;&rsaquo;<\/a><\/li>\n\n<\/ul>\n\n\n--><br \/>\n<\/body><\/p>\n","protected":false},"excerpt":{"rendered":"<p>ALGO M\u00c1S QUE PALABRAS TODO HOGAR ES UN SOST\u00c9N DE VIDA \u00abLa necedad y el absurdo de la arrogancia nos confunden la orientaci\u00f3n\u00bb ============================= V\u00edctor CORCOBA HERRERO\/ Escritor corcoba@telefonica.net ============================= Pensando que, en el a\u00f1o 2012, la Asamblea General de Naciones Unidas proclam\u00f3 el 1 de junio como el D\u00eda Mundial de los Padres, se [&hellip;]<\/p>\n","protected":false},"author":3,"featured_media":0,"comment_status":"open","ping_status":"open","sticky":false,"template":"","format":"standard","meta":{"footnotes":""},"categories":[16],"tags":[],"class_list":["post-38749","post","type-post","status-publish","format-standard","hentry","category-opiniones"],"_links":{"self":[{"href":"https:\/\/diariodominicano.com\/index.php?rest_route=\/wp\/v2\/posts\/38749","targetHints":{"allow":["GET"]}}],"collection":[{"href":"https:\/\/diariodominicano.com\/index.php?rest_route=\/wp\/v2\/posts"}],"about":[{"href":"https:\/\/diariodominicano.com\/index.php?rest_route=\/wp\/v2\/types\/post"}],"author":[{"embeddable":true,"href":"https:\/\/diariodominicano.com\/index.php?rest_route=\/wp\/v2\/users\/3"}],"replies":[{"embeddable":true,"href":"https:\/\/diariodominicano.com\/index.php?rest_route=%2Fwp%2Fv2%2Fcomments&post=38749"}],"version-history":[{"count":0,"href":"https:\/\/diariodominicano.com\/index.php?rest_route=\/wp\/v2\/posts\/38749\/revisions"}],"wp:attachment":[{"href":"https:\/\/diariodominicano.com\/index.php?rest_route=%2Fwp%2Fv2%2Fmedia&parent=38749"}],"wp:term":[{"taxonomy":"category","embeddable":true,"href":"https:\/\/diariodominicano.com\/index.php?rest_route=%2Fwp%2Fv2%2Fcategories&post=38749"},{"taxonomy":"post_tag","embeddable":true,"href":"https:\/\/diariodominicano.com\/index.php?rest_route=%2Fwp%2Fv2%2Ftags&post=38749"}],"curies":[{"name":"wp","href":"https:\/\/api.w.org\/{rel}","templated":true}]}}