{"id":387411,"date":"2022-10-04T00:29:02","date_gmt":"2022-10-04T04:29:02","guid":{"rendered":"http:\/\/diariodominicano.com\/?p=387411"},"modified":"2022-10-04T00:36:26","modified_gmt":"2022-10-04T04:36:26","slug":"la-monarquia-establece-real-audiencia-en-santo-domingo-con-jurisdiccion-sobre-venezuela-cuba-y-puerto-rico","status":"publish","type":"post","link":"https:\/\/diariodominicano.com\/?p=387411","title":{"rendered":"Monarqu\u00eda de Espa\u00f1a establece Real Audiencia en Santo Domingo con jurisdicci\u00f3n sobre Venezuela, Cuba y Puerto Rico"},"content":{"rendered":"\n<p>La sede de la Real Audiencia en la ciudad colonial de Santo Domingo, Rep\u00fablica Dominicana. Hoy es parte de las Primicias de la capital primada de Am\u00e9rica, un monumento que motiva  a los visitantes.<\/p>\n\n\n\n<p><strong>Por H\u00e9ctor Tineo Nolasco<\/strong><\/p>\n\n\n\n<p><strong>Diariodominicano.com<\/strong><\/p>\n\n\n\n<p><\/p>\n\n\n\n<p>SANTO DOMINGO, el 4 de octubre de 1511, fue instalada en la ciudad Santo Domingo, la Real Audiencia, el primer tribunal de apelaci\u00f3n que tuvo la monarqu\u00eda de Espa\u00f1a en Am\u00e9rica.<\/p>\n\n\n\n<p>&nbsp;&nbsp;&nbsp; La Real Audiencia fue establecida con jurisdicci\u00f3n en todas las colonias de Espa\u00f1a en Am\u00e9rica, incluidos los territorios de M\u00e9xico, Per\u00fa, Centroam\u00e9rica y la zona de la Plata.<\/p>\n\n\n\n<p>&nbsp;&nbsp;&nbsp; La Real Audiencia de Santo Domingo, tuvo jurisdicci\u00f3n hasta el a\u00f1o 1786, sobre Venezuela, Cuba y Puerto Rico. Luego Espa\u00f1a cre\u00f3 otros tribunales similares en sus&nbsp; colonias americanas.<\/p>\n\n\n\n<p>&nbsp;&nbsp; El tribunal fue instalado en la ciudad Santo Domingo, para limitar las acciones del gobernador Diego Col\u00f3n, quien en opini\u00f3n de la monarqu\u00eda actuaba m\u00e1s como un encomendero que un funcionario al servicio de la Corona.<\/p>\n\n\n\n<p>&nbsp;&nbsp;&nbsp; En efecto, la Real Audiencia fue un medio de control del poder del Gobernador, porque uno de los tres jueces que integraban el tribunal, Lucas V\u00e1squez de Ayll\u00f3n, era un encomendero de la \u00e9lite burocr\u00e1tica de Nicol\u00e1s de Ovando, y los otros dos no tardaron en comprender que s\u00f3lo adquiriendo indios para s\u00ed y ali\u00e1ndose con Pasamonte, que representaba a la Monarqu\u00eda, y a la mayor\u00eda de los encomenderos, podr\u00edan tener \u00e9xitos en la Colonia.<\/p>\n","protected":false},"excerpt":{"rendered":"<p>La sede de la Real Audiencia en la ciudad colonial de Santo Domingo, Rep\u00fablica Dominicana. Hoy es parte de las Primicias de la capital primada de Am\u00e9rica, un monumento que motiva a los visitantes. Por H\u00e9ctor Tineo Nolasco Diariodominicano.com SANTO DOMINGO, el 4 de octubre de 1511, fue instalada en la ciudad Santo Domingo, la [&hellip;]<\/p>\n","protected":false},"author":28,"featured_media":387412,"comment_status":"closed","ping_status":"","sticky":true,"template":"","format":"standard","meta":{"footnotes":""},"categories":[21,26,27],"tags":[],"class_list":["post-387411","post","type-post","status-publish","format-standard","has-post-thumbnail","hentry","category-cultura","category-efemerides","category-portada"],"_links":{"self":[{"href":"https:\/\/diariodominicano.com\/index.php?rest_route=\/wp\/v2\/posts\/387411","targetHints":{"allow":["GET"]}}],"collection":[{"href":"https:\/\/diariodominicano.com\/index.php?rest_route=\/wp\/v2\/posts"}],"about":[{"href":"https:\/\/diariodominicano.com\/index.php?rest_route=\/wp\/v2\/types\/post"}],"author":[{"embeddable":true,"href":"https:\/\/diariodominicano.com\/index.php?rest_route=\/wp\/v2\/users\/28"}],"replies":[{"embeddable":true,"href":"https:\/\/diariodominicano.com\/index.php?rest_route=%2Fwp%2Fv2%2Fcomments&post=387411"}],"version-history":[{"count":3,"href":"https:\/\/diariodominicano.com\/index.php?rest_route=\/wp\/v2\/posts\/387411\/revisions"}],"predecessor-version":[{"id":387416,"href":"https:\/\/diariodominicano.com\/index.php?rest_route=\/wp\/v2\/posts\/387411\/revisions\/387416"}],"wp:featuredmedia":[{"embeddable":true,"href":"https:\/\/diariodominicano.com\/index.php?rest_route=\/wp\/v2\/media\/387412"}],"wp:attachment":[{"href":"https:\/\/diariodominicano.com\/index.php?rest_route=%2Fwp%2Fv2%2Fmedia&parent=387411"}],"wp:term":[{"taxonomy":"category","embeddable":true,"href":"https:\/\/diariodominicano.com\/index.php?rest_route=%2Fwp%2Fv2%2Fcategories&post=387411"},{"taxonomy":"post_tag","embeddable":true,"href":"https:\/\/diariodominicano.com\/index.php?rest_route=%2Fwp%2Fv2%2Ftags&post=387411"}],"curies":[{"name":"wp","href":"https:\/\/api.w.org\/{rel}","templated":true}]}}