{"id":38738,"date":"2020-06-01T22:11:34","date_gmt":"2020-06-01T22:11:34","guid":{"rendered":"http:\/\/diariodominicano.ddns.net\/?p=38738"},"modified":"2020-06-01T22:11:34","modified_gmt":"2020-06-01T22:11:34","slug":"la-crisis-social-avanza","status":"publish","type":"post","link":"https:\/\/diariodominicano.com\/?p=38738","title":{"rendered":"La crisis social avanza"},"content":{"rendered":"<p><body><\/p>\n<p><strong>Diariodominicano.com<\/strong><\/p>\n<p><strong>A Pleno Sol<\/strong><\/p>\n<p><strong>La crisis social avanza<\/strong><\/p>\n<p><strong>Por Manuel Hern\u00e1ndez Villeta<\/strong><\/p>\n<\/p>\n<\/p>\n<p>Mueve a profunda reflexi\u00f3n sobre la convivencia mundial, los actos de protesta y violencia de los \u00faltimos d\u00edas en los Estados Unidos. Un mundo dividido por castas econ\u00f3micas, el color de la piel, las ideas, en fin, la lucha de clase en ebullici\u00f3n.<\/p>\n<\/p>\n<p>El derecho a la vida, a la paz y a la felicidad, han sido de las jornadas de lucha eterna de la humanidad, y siglo tras siglo se impone la barbarie, el poder del m\u00e1s fuerte, y las ideas son silenciadas, en la guillotina, en la horca o en la fogata.<\/p>\n<\/p>\n<p>Pero el hombre sigue luchando por un estado de igualdad, de respeto, de integraci\u00f3n. Muchos caen en esa lucha, pero otros toman la antorcha y siguen adelante. Nunca se ahogar\u00e1 la esperanza de vivir en libertad y en respeto a la dignidad humana.<\/p>\n<\/p>\n<p>La declaraci\u00f3n Universal de los Derechos Humanos siempre fue letra muerta. Ninguna de las naciones firmantes lo cumpli\u00f3. Sobre ese pergamino florecieron las dictaduras y se mantuvo el colonialismo y la segregaci\u00f3n.<\/p>\n<\/p>\n<p>Pero es una esperanza de que se mantenga la lucha por la libertad, a pesar de la barbarie. \u00abLa libertad, la justicia y la paz en el mundo tienen por base el reconocimiento de la dignidad intr\u00ednseca y de los derechos iguales e inalienables de todos los miembros de la familia humana;<\/p>\n<\/p>\n<p> M\u00e1s que l\u00edneas sueltas, es una sentencia contra los d\u00e9spotas y los que se extralimitan en el poder: \u00abEl desconocimiento y el menosprecio de los derechos humanos han originado actos de barbarie ultrajantes para la conciencia de la humanidad, y que se ha proclamado, como la aspiraci\u00f3n m\u00e1s elevada del hombre, el advenimiento de un mundo en que los seres humanos, liberados del temor y de la miseria, disfruten de la libertad de palabra y de la libertad de creencias;<\/p>\n<\/p>\n<p> \u00bfSe cumplir\u00e1 este enunciado de la convivencia civilizada?. Alg\u00fan d\u00eda, pero queda mucho terreno de lucha?: \u00abEs esencial que los derechos humanos sean protegidos por un r\u00e9gimen de Derecho, a fin de que el hombre no se vea compelido al supremo recurso de la rebeli\u00f3n contra la tiran\u00eda y la opresi\u00f3n\u00bb;<\/p>\n<\/p>\n<p>En su momento de mayor gloria, acabando de triunfar sobre las fuerzas interventoras, un  15 de julio de 1867, Don Benito, que no necesita apellido, pero si usted quiere le pone el Ju\u00e1rez, dio muestras de humildad y pronunci\u00f3 su frase que se ha convertido en una consigna para la paz de toda la humanidad.<\/p>\n<\/p>\n<p>Entraba triunfante en la Ciudad de M\u00e9xico, tras la derrota y fusilamiento de Maximiliano I de M\u00e9xico, y todav\u00eda en la gloria y el poder que dan las armas  comprendi\u00f3 que no es la violencia que acerca a los humanos, sino la concertaci\u00f3n,  la hermandad, el desterrar el odio.<\/p>\n<\/p>\n<p> Hoy su pensamiento est\u00e1 presente: \u00abQue el pueblo y el gobierno respeten los derechos de todos. Entre los individuos, como entre las naciones, el respeto al derecho ajeno es la paz\u00bb. \u00a1Ay!, se me acab\u00f3 la tinta.<\/p>\n<\/p>\n<h6> 2020-06-01 22:11:34 <\/h6>\n<p><!--\n<link rel=\"stylesheet\" href=\"css\/bootstrap.min.css\">\n\n\n<ul class=\"pagination\">\n\t    \n\t\n\n<li >\n\t<a href='?page_no=211'>Previous<\/a>\n\t<\/li>\n\n\n       \n    \n\n<li><a href='?page_no=1'>1<\/a><\/li>\n\n\n\n<li><a href='?page_no=2'>2<\/a><\/li>\n\n\n\n<li><a>...<\/a><\/li>\n\n\n\n<li><a href='?page_no=210'>210<\/a><\/li>\n\n\n\n<li><a href='?page_no=211'>211<\/a><\/li>\n\n\n\n<li class='active'><a>212<\/a><\/li>\n\n\n\n<li><a href='?page_no=213'>213<\/a><\/li>\n\n\n\n<li><a href='?page_no=214'>214<\/a><\/li>\n\n\n\n<li><a>...<\/a><\/li>\n\n\n\n<li><a href='?page_no=13611'>13611<\/a><\/li>\n\n\n\n<li><a href='?page_no=13612'>13612<\/a><\/li>\n\n    \n\t\n\n<li >\n\t<a href='?page_no=213'>Next<\/a>\n\t<\/li>\n\n\n    \n\n<li><a href='?page_no=13612'>Last &rsaquo;&rsaquo;<\/a><\/li>\n\n<\/ul>\n\n\n--><br \/>\n<\/body><\/p>\n","protected":false},"excerpt":{"rendered":"<p>Diariodominicano.com A Pleno Sol La crisis social avanza Por Manuel Hern\u00e1ndez Villeta Mueve a profunda reflexi\u00f3n sobre la convivencia mundial, los actos de protesta y violencia de los \u00faltimos d\u00edas en los Estados Unidos. Un mundo dividido por castas econ\u00f3micas, el color de la piel, las ideas, en fin, la lucha de clase en ebullici\u00f3n. [&hellip;]<\/p>\n","protected":false},"author":3,"featured_media":0,"comment_status":"open","ping_status":"open","sticky":false,"template":"","format":"standard","meta":{"footnotes":""},"categories":[16],"tags":[],"class_list":["post-38738","post","type-post","status-publish","format-standard","hentry","category-opiniones"],"_links":{"self":[{"href":"https:\/\/diariodominicano.com\/index.php?rest_route=\/wp\/v2\/posts\/38738","targetHints":{"allow":["GET"]}}],"collection":[{"href":"https:\/\/diariodominicano.com\/index.php?rest_route=\/wp\/v2\/posts"}],"about":[{"href":"https:\/\/diariodominicano.com\/index.php?rest_route=\/wp\/v2\/types\/post"}],"author":[{"embeddable":true,"href":"https:\/\/diariodominicano.com\/index.php?rest_route=\/wp\/v2\/users\/3"}],"replies":[{"embeddable":true,"href":"https:\/\/diariodominicano.com\/index.php?rest_route=%2Fwp%2Fv2%2Fcomments&post=38738"}],"version-history":[{"count":0,"href":"https:\/\/diariodominicano.com\/index.php?rest_route=\/wp\/v2\/posts\/38738\/revisions"}],"wp:attachment":[{"href":"https:\/\/diariodominicano.com\/index.php?rest_route=%2Fwp%2Fv2%2Fmedia&parent=38738"}],"wp:term":[{"taxonomy":"category","embeddable":true,"href":"https:\/\/diariodominicano.com\/index.php?rest_route=%2Fwp%2Fv2%2Fcategories&post=38738"},{"taxonomy":"post_tag","embeddable":true,"href":"https:\/\/diariodominicano.com\/index.php?rest_route=%2Fwp%2Fv2%2Ftags&post=38738"}],"curies":[{"name":"wp","href":"https:\/\/api.w.org\/{rel}","templated":true}]}}