{"id":38715,"date":"2020-11-02T19:28:13","date_gmt":"2020-11-02T19:28:13","guid":{"rendered":"http:\/\/diariodominicano.ddns.net\/?p=38715"},"modified":"2020-11-02T19:28:13","modified_gmt":"2020-11-02T19:28:13","slug":"un-congreso-que-transforma-sistema-de-partidos","status":"publish","type":"post","link":"https:\/\/diariodominicano.com\/?p=38715","title":{"rendered":"Un congreso que transforma sistema de partidos"},"content":{"rendered":"<p><body><\/p>\n<p><strong>Diariodominicano.com<\/strong><\/p>\n<p><strong>Un congreso que transforma sistema de partidos<\/strong><\/p>\n<p><strong>Por FRANKLIN ALMEYDA RANCIER<\/strong><\/p>\n<\/p>\n<p>Constituye un acontecimiento el \u00abPrimer Congreso del Pueblo Profesor Juan Bosch\u00bb, organizado por la Fuerza del Pueblo, puesto que trasciende la frontera nacional, con la participaci\u00f3n de dominicanos desde 29 pa\u00edses de manera digital, y sus caracter\u00edsticas excepcionales. Se inaugurar\u00e1 formalmente el pr\u00f3ximo lunes 9 de noviembre.<\/p>\n<p>Ser\u00e1 un evento digital y presencial, al mismo tiempo, su alcance es ilimitado y se han registrado desde Finlandia, Alemania, Argentina, Aruba, Austria, B\u00e9lgica, Brasil, Canad\u00e1, Dominica, Espa\u00f1a, Estados Unidos de Norteam\u00e9rica, Estonia, Aland Island, Guayana Francesa, Italia, Luxemburgo, Madagascar, Noruega, Pa\u00edses Bajos, Panam\u00e1, Per\u00fa, Puerto Rico, Reino Unido, Rep\u00fablica Centroafricana, San Mart\u00edn, Suiza, Uruguay, Venezuela y Rep\u00fablica Dominicana.<\/p>\n<\/p>\n<p>La participaci\u00f3n total ser\u00e1 un 87.09% residentes en el pa\u00eds y 12.91% de ultramar. Por edad se clasifica el 26.75% hasta 35 a\u00f1os y de esta edad a los 49 el 35.40%, lo que sumado totaliza el 62.15%. Desde los 50 a 65 a\u00f1os son 31.55% y de esa \u00faltima edad en adelante 6.29%; o sea, sobre los 50 a\u00f1os son el 37.84%.<\/p>\n<\/p>\n<p>Es evidente que el Congreso est\u00e1 integrado predominantemente por j\u00f3venes y adultos de mediana edad, con un 62.15%. Sin embargo, si asumimos la escala m\u00e1s reciente de la Organizaci\u00f3n Mundial de la Salud (OMS), que reclasifica las categor\u00edas como se indica abajo, la cantidad de los j\u00f3venes participantes es otra.<\/p>\n<p>Efectivamente, la OMS reclasifica las categor\u00edas de las edades de la forma siguiente:<\/p>\n<\/p>\n<p>\u00ab01) Menor: 0 a 17 a\u00f1os; 02) J\u00f3venes: de 18 a 65 a\u00f1os; 03) Edad Media: 66 a 79 a\u00f1os; 04) Ancianos: 80 a 99 a\u00f1os de edad; 05) Mayores de larga vida: m\u00e1s de 100 a\u00f1os\u00bb.<\/p>\n<\/p>\n<p>Por aplicaci\u00f3n de esta reciente reclasificaci\u00f3n de la OMS, en el Congreso de la Fuerza del Pueblo participa el 93.71% de j\u00f3venes de 18 a 65 a\u00f1os. Es decir, 62.16% de hasta 49 a\u00f1os y 31.55% de esa edad hasta 65 a\u00f1os.<\/p>\n<\/p>\n<p>\u00bfPor qu\u00e9 el Congreso ha sido tan atractivo para los j\u00f3venes? Hay varias respuestas. Vale destacar cuatro sobresalientes. La primera es que se trata de un evento con amplia apertura; es inclusivo y con una horizontalidad profundamente democr\u00e1tica. Lo segundo es que se trata de debates de ideas en 17 temas, oportunidad muy escasa en la actividad pol\u00edtica actual, requiri\u00e9ndolo de todos los que libremente se registren.<\/p>\n<\/p>\n<p>El tercer factor es la equidad de g\u00e9nero, en los niveles de integraci\u00f3n en los bufetes directivos de sus 17 Mesas Tem\u00e1ticas. Sobresale la presencia de un porcentaje significativo de mujeres j\u00f3venes y adultas de mediana edad.<\/p>\n<\/p>\n<p>El cuarto atractivo es el que ha facilitado el evento desde su fase pre-inicial, lo constituye la utilizaci\u00f3n de la tecnolog\u00eda digital para celebrar elecciones de sus bufetes, los encuentros para exponer \u00ablluvias de ideas\u00bb en los 17 temas a cargo, para luego concentrarse, conjugando generaciones, en debates formales para llegar a formular propuestas finales.<\/p>\n<\/p>\n<p>Es un evento partidario \u00fanico para hacer historia. La apertura formal del \u00abPrimer Congreso del Pueblo Profesor Juan Bosch\u00bb de la Fuerza del Pueblo, se efectuar\u00e1 con una Plenaria presencial para los delegados del pa\u00eds y digital para los residentes en el exterior, el 9 de noviembre, desde el Centro de Convenciones de Sans Souc\u00ed, situado en la ribera del r\u00edo Ozama de la ciudad primada de Am\u00e9rica.<\/p>\n<h6> 2020-11-02 19:28:13 <\/h6>\n<p><!--\n<link rel=\"stylesheet\" href=\"css\/bootstrap.min.css\">\n\n\n<ul class=\"pagination\">\n\t    \n\t\n\n<li >\n\t<a href='?page_no=20'>Previous<\/a>\n\t<\/li>\n\n\n       \n    \n\n<li><a href='?page_no=1'>1<\/a><\/li>\n\n\n\n<li><a href='?page_no=2'>2<\/a><\/li>\n\n\n\n<li><a>...<\/a><\/li>\n\n\n\n<li><a href='?page_no=19'>19<\/a><\/li>\n\n\n\n<li><a href='?page_no=20'>20<\/a><\/li>\n\n\n\n<li class='active'><a>21<\/a><\/li>\n\n\n\n<li><a href='?page_no=22'>22<\/a><\/li>\n\n\n\n<li><a href='?page_no=23'>23<\/a><\/li>\n\n\n\n<li><a>...<\/a><\/li>\n\n\n\n<li><a href='?page_no=13611'>13611<\/a><\/li>\n\n\n\n<li><a href='?page_no=13612'>13612<\/a><\/li>\n\n    \n\t\n\n<li >\n\t<a href='?page_no=22'>Next<\/a>\n\t<\/li>\n\n\n    \n\n<li><a href='?page_no=13612'>Last &rsaquo;&rsaquo;<\/a><\/li>\n\n<\/ul>\n\n\n--><br \/>\n<\/body><\/p>\n","protected":false},"excerpt":{"rendered":"<p>Diariodominicano.com Un congreso que transforma sistema de partidos Por FRANKLIN ALMEYDA RANCIER Constituye un acontecimiento el \u00abPrimer Congreso del Pueblo Profesor Juan Bosch\u00bb, organizado por la Fuerza del Pueblo, puesto que trasciende la frontera nacional, con la participaci\u00f3n de dominicanos desde 29 pa\u00edses de manera digital, y sus caracter\u00edsticas excepcionales. Se inaugurar\u00e1 formalmente el pr\u00f3ximo [&hellip;]<\/p>\n","protected":false},"author":3,"featured_media":0,"comment_status":"open","ping_status":"open","sticky":false,"template":"","format":"standard","meta":{"footnotes":""},"categories":[16],"tags":[],"class_list":["post-38715","post","type-post","status-publish","format-standard","hentry","category-opiniones"],"_links":{"self":[{"href":"https:\/\/diariodominicano.com\/index.php?rest_route=\/wp\/v2\/posts\/38715","targetHints":{"allow":["GET"]}}],"collection":[{"href":"https:\/\/diariodominicano.com\/index.php?rest_route=\/wp\/v2\/posts"}],"about":[{"href":"https:\/\/diariodominicano.com\/index.php?rest_route=\/wp\/v2\/types\/post"}],"author":[{"embeddable":true,"href":"https:\/\/diariodominicano.com\/index.php?rest_route=\/wp\/v2\/users\/3"}],"replies":[{"embeddable":true,"href":"https:\/\/diariodominicano.com\/index.php?rest_route=%2Fwp%2Fv2%2Fcomments&post=38715"}],"version-history":[{"count":0,"href":"https:\/\/diariodominicano.com\/index.php?rest_route=\/wp\/v2\/posts\/38715\/revisions"}],"wp:attachment":[{"href":"https:\/\/diariodominicano.com\/index.php?rest_route=%2Fwp%2Fv2%2Fmedia&parent=38715"}],"wp:term":[{"taxonomy":"category","embeddable":true,"href":"https:\/\/diariodominicano.com\/index.php?rest_route=%2Fwp%2Fv2%2Fcategories&post=38715"},{"taxonomy":"post_tag","embeddable":true,"href":"https:\/\/diariodominicano.com\/index.php?rest_route=%2Fwp%2Fv2%2Ftags&post=38715"}],"curies":[{"name":"wp","href":"https:\/\/api.w.org\/{rel}","templated":true}]}}