{"id":387136,"date":"2022-10-03T00:27:16","date_gmt":"2022-10-03T04:27:16","guid":{"rendered":"http:\/\/diariodominicano.com\/?p=387136"},"modified":"2022-10-03T00:29:04","modified_gmt":"2022-10-03T04:29:04","slug":"trujillo-vincula-al-ejercito-nacional-y-a-la-pn-en-matanza-de-haitianos","status":"publish","type":"post","link":"https:\/\/diariodominicano.com\/?p=387136","title":{"rendered":"Trujillo vincula al Ej\u00e9rcito Nacional y a la PN en matanza de haitianos"},"content":{"rendered":"\n<p>Rafael Le\u00f3nidas Trujillo Molina<\/p>\n\n\n\n<p>Por H\u00e9ctor Tineo Nolasco<\/p>\n\n\n\n<p>Diariodominicano.com<\/p>\n\n\n\n<p><\/p>\n\n\n\n<p>SANTO DOMINGO, el 3 de octubre de 1937, los servicios de inteligencia de la dictadura del General\u00edsimo Rafael Le\u00f3nidas Trujillo Molina, continuaron la matanza de haitianos y haitianas que eran localizados en el territorio de la Rep\u00fablica Dominicana.<\/p>\n\n\n\n<p>En la persecuci\u00f3n el r\u00e9gimen involucr\u00f3 a miembros del Ej\u00e9rcito Nacional y a agentes de la Polic\u00eda Nacional.<\/p>\n\n\n\n<p>El historiador estadounidense Robert Crasswellert, resalta la versi\u00f3n de que: \u00abCon el objeto de probar la alegaci\u00f3n de nacionalidad dominicana que algunos aterrados haitianos clamaban poseer, se adopt\u00f3 una extra\u00f1a y lapidaria pauta. A cada uno de aquellos se le ped\u00eda que pronunciara la palabra peregil, y todos los que dec\u00edan pelegil eran condenados como haitianos y liquidados sin m\u00e1s\u00bb.<\/p>\n\n\n\n<p>La matanza de los haitianos fue autorizada por el dictador Trujillo la noche del d\u00eda 2 de octubre de 1937, en momentos que se encontraba en Montecristi, en la residencia de la se\u00f1ora Isabel Mayer.<\/p>\n\n\n\n<p>Trujillo orden\u00f3 la matanza de los haitianos luego que recibi\u00f3 la informaci\u00f3n de que sus agentes secretos en Hait\u00ed, hab\u00edan sido asesinados en la vecina Rep\u00fablica.<\/p>\n\n\n\n<p>La matanza de haitianos se llev\u00f3 a cabo durante 36 horas a partir de la noche del d\u00eda 2 de octubre de 1937.<\/p>\n\n\n\n<p>Acerca del n\u00famero de haitianos y haitianas que fueron ejecutados hay versiones encontradas. Una da cuenta de que murieron de 5 mil a 25 mil extranjeros, pero el Gobierno haitiano public\u00f3 la cifra de 12 mil, pero luego Trujillo dijo que fueron 18 mil.<\/p>\n\n\n\n<p>\u00a0\u00a0\u00a0 Otra versi\u00f3n indica que el n\u00famero de muertos fue de 15 mil a 20 mil.<\/p>\n\n\n\n<p>Diariodominicano.com el medio de comunicaci\u00f3n.<\/p>\n\n\n\n<p><\/p>\n","protected":false},"excerpt":{"rendered":"<p>Rafael Le\u00f3nidas Trujillo Molina Por H\u00e9ctor Tineo Nolasco Diariodominicano.com SANTO DOMINGO, el 3 de octubre de 1937, los servicios de inteligencia de la dictadura del General\u00edsimo Rafael Le\u00f3nidas Trujillo Molina, continuaron la matanza de haitianos y haitianas que eran localizados en el territorio de la Rep\u00fablica Dominicana. En la persecuci\u00f3n el r\u00e9gimen involucr\u00f3 a miembros [&hellip;]<\/p>\n","protected":false},"author":28,"featured_media":271908,"comment_status":"closed","ping_status":"","sticky":true,"template":"","format":"standard","meta":{"footnotes":""},"categories":[26,27],"tags":[],"class_list":["post-387136","post","type-post","status-publish","format-standard","has-post-thumbnail","hentry","category-efemerides","category-portada"],"_links":{"self":[{"href":"https:\/\/diariodominicano.com\/index.php?rest_route=\/wp\/v2\/posts\/387136","targetHints":{"allow":["GET"]}}],"collection":[{"href":"https:\/\/diariodominicano.com\/index.php?rest_route=\/wp\/v2\/posts"}],"about":[{"href":"https:\/\/diariodominicano.com\/index.php?rest_route=\/wp\/v2\/types\/post"}],"author":[{"embeddable":true,"href":"https:\/\/diariodominicano.com\/index.php?rest_route=\/wp\/v2\/users\/28"}],"replies":[{"embeddable":true,"href":"https:\/\/diariodominicano.com\/index.php?rest_route=%2Fwp%2Fv2%2Fcomments&post=387136"}],"version-history":[{"count":5,"href":"https:\/\/diariodominicano.com\/index.php?rest_route=\/wp\/v2\/posts\/387136\/revisions"}],"predecessor-version":[{"id":387141,"href":"https:\/\/diariodominicano.com\/index.php?rest_route=\/wp\/v2\/posts\/387136\/revisions\/387141"}],"wp:featuredmedia":[{"embeddable":true,"href":"https:\/\/diariodominicano.com\/index.php?rest_route=\/wp\/v2\/media\/271908"}],"wp:attachment":[{"href":"https:\/\/diariodominicano.com\/index.php?rest_route=%2Fwp%2Fv2%2Fmedia&parent=387136"}],"wp:term":[{"taxonomy":"category","embeddable":true,"href":"https:\/\/diariodominicano.com\/index.php?rest_route=%2Fwp%2Fv2%2Fcategories&post=387136"},{"taxonomy":"post_tag","embeddable":true,"href":"https:\/\/diariodominicano.com\/index.php?rest_route=%2Fwp%2Fv2%2Ftags&post=387136"}],"curies":[{"name":"wp","href":"https:\/\/api.w.org\/{rel}","templated":true}]}}