{"id":38704,"date":"2020-06-03T10:09:25","date_gmt":"2020-06-03T10:09:25","guid":{"rendered":"http:\/\/diariodominicano.ddns.net\/?p=38704"},"modified":"2020-06-03T10:09:25","modified_gmt":"2020-06-03T10:09:25","slug":"vienen-cambios","status":"publish","type":"post","link":"https:\/\/diariodominicano.com\/?p=38704","title":{"rendered":"Vienen cambios"},"content":{"rendered":"<p><body><\/p>\n<\/p>\n<p>A Pleno Sol<\/p>\n<\/p>\n<p>Vienen cambios<\/p>\n<\/p>\n<p>Por Manuel Hern\u00e1ndez Villeta<\/p>\n<\/p>\n<\/p>\n<p>Muy pocos se est\u00e1n preparando para los cambios sociales que ya comenzaron, a ra\u00edz del corona-virus. Mientras m\u00e1s se den paso hacia desmontar las medidas de emergencia, surge con fuerzas  la sombra de una nueva forma de vida, para la cual los dominicanos no van a estar preparados.<\/p>\n<\/p>\n<p>La mayor parte de los que buscan apertura comercial, piensan que todo volver\u00e1 a la normalidad de hace tres meses. No se trata de subir las rejas de protecci\u00f3n de un negocio, sino de   estudiar todas las posibilidades de cambios en una sociedad en dif\u00edcil transici\u00f3n.<\/p>\n<\/p>\n<p>No se lleven de enga\u00f1os. No variar\u00e1 la distribuci\u00f3n de las riquezas. Ni los pobres se van a convertir en ricos ni los iletrados aprender\u00e1n a escribir, pero vienen cambios sociales. El masivo desempleo  normar\u00e1 la vida despu\u00e9s del coronavirus.<\/p>\n<\/p>\n<p>El poder de la econom\u00eda todo lo norma, pero no siempre la escala en relaci\u00f3n a la riqueza es la misma. Un mill\u00f3n de desempleados, que hace tres meses cobraba con normalidad, lleva la tranquilidad social al l\u00edmite.<\/p>\n<\/p>\n<p>Ese mill\u00f3n de nuevos desempleados, sin encontrar nueva ocupaci\u00f3n, va a colocar en un punto caliente las relaciones  sociales, y la forma de subsistencia de cada ciudadano. Se puede llegar a un especie de s\u00e1lvese quien pueda.<\/p>\n<\/p>\n<p>Si el factor econ\u00f3mico entra en crisis, entonces todo lo otro naufraga. Mirando a la calle, la econom\u00eda  de los asalariados a hecho aguas, y el barco est\u00e1 naufragando.  Si hay un mercado cerrado, los emprendedores tambi\u00e9n tendr\u00e1n las manos atadas. Los pr\u00e9stamos sin resoluciones de producci\u00f3n, se convierten en un peligroso hoyo, por donde s\u00ed se cae, no hay posibilidades de levantarse.<\/p>\n<\/p>\n<p>Hay sectores empresariales que se encuentran en crisis econ\u00f3mica profunda, de la cual saldr\u00e1n tomando en cuenta variantes nacionales, pero sobre todo como mejora la situaci\u00f3n de los mercados internacionales, como es el \u00e1rea del turismo.<\/p>\n<\/p>\n<p>Los ciudadanos de  la mayor parte de los pa\u00edses desarrollados no  est\u00e1n ahora mismo en condiciones de viajar,  por lo econ\u00f3mico, por las restricciones sanitarias y muy en especial, por el temor al contagio en pa\u00edses lejanos.<\/p>\n<\/p>\n<p>Sin embargo, la industria de la alimentaci\u00f3n ha obtenido grandes beneficios econ\u00f3micos, valga decir desde los supermercados hasta los productores agropecuarios. A ellos hay que darle un reconocimiento, porque a pesar de las grandes colas en los negocios, no se present\u00f3 el desabastecimiento.<\/p>\n<\/p>\n<p>No habr\u00e1n cambios sociales como se planteaban d\u00e9cadas pasadas, pero si forma de comportamiento que ser\u00e1n trascendentales. Se busca la normalizaci\u00f3n de la vida, mientras que el coronavirus esta indetenible, y no se le ve  el punto final. \u00a1Ay!, se me acabo la tinta.<\/p>\n<\/p>\n<h6> 2020-06-03 10:09:25 <\/h6>\n<p><!--\n<link rel=\"stylesheet\" href=\"css\/bootstrap.min.css\">\n\n\n<ul class=\"pagination\">\n\t    \n\t\n\n<li >\n\t<a href='?page_no=208'>Previous<\/a>\n\t<\/li>\n\n\n       \n    \n\n<li><a href='?page_no=1'>1<\/a><\/li>\n\n\n\n<li><a href='?page_no=2'>2<\/a><\/li>\n\n\n\n<li><a>...<\/a><\/li>\n\n\n\n<li><a href='?page_no=207'>207<\/a><\/li>\n\n\n\n<li><a href='?page_no=208'>208<\/a><\/li>\n\n\n\n<li class='active'><a>209<\/a><\/li>\n\n\n\n<li><a href='?page_no=210'>210<\/a><\/li>\n\n\n\n<li><a href='?page_no=211'>211<\/a><\/li>\n\n\n\n<li><a>...<\/a><\/li>\n\n\n\n<li><a href='?page_no=13611'>13611<\/a><\/li>\n\n\n\n<li><a href='?page_no=13612'>13612<\/a><\/li>\n\n    \n\t\n\n<li >\n\t<a href='?page_no=210'>Next<\/a>\n\t<\/li>\n\n\n    \n\n<li><a href='?page_no=13612'>Last &rsaquo;&rsaquo;<\/a><\/li>\n\n<\/ul>\n\n\n--><br \/>\n<\/body><\/p>\n","protected":false},"excerpt":{"rendered":"<p>A Pleno Sol Vienen cambios Por Manuel Hern\u00e1ndez Villeta Muy pocos se est\u00e1n preparando para los cambios sociales que ya comenzaron, a ra\u00edz del corona-virus. Mientras m\u00e1s se den paso hacia desmontar las medidas de emergencia, surge con fuerzas la sombra de una nueva forma de vida, para la cual los dominicanos no van a [&hellip;]<\/p>\n","protected":false},"author":3,"featured_media":0,"comment_status":"open","ping_status":"open","sticky":false,"template":"","format":"standard","meta":{"footnotes":""},"categories":[16],"tags":[],"class_list":["post-38704","post","type-post","status-publish","format-standard","hentry","category-opiniones"],"_links":{"self":[{"href":"https:\/\/diariodominicano.com\/index.php?rest_route=\/wp\/v2\/posts\/38704","targetHints":{"allow":["GET"]}}],"collection":[{"href":"https:\/\/diariodominicano.com\/index.php?rest_route=\/wp\/v2\/posts"}],"about":[{"href":"https:\/\/diariodominicano.com\/index.php?rest_route=\/wp\/v2\/types\/post"}],"author":[{"embeddable":true,"href":"https:\/\/diariodominicano.com\/index.php?rest_route=\/wp\/v2\/users\/3"}],"replies":[{"embeddable":true,"href":"https:\/\/diariodominicano.com\/index.php?rest_route=%2Fwp%2Fv2%2Fcomments&post=38704"}],"version-history":[{"count":0,"href":"https:\/\/diariodominicano.com\/index.php?rest_route=\/wp\/v2\/posts\/38704\/revisions"}],"wp:attachment":[{"href":"https:\/\/diariodominicano.com\/index.php?rest_route=%2Fwp%2Fv2%2Fmedia&parent=38704"}],"wp:term":[{"taxonomy":"category","embeddable":true,"href":"https:\/\/diariodominicano.com\/index.php?rest_route=%2Fwp%2Fv2%2Fcategories&post=38704"},{"taxonomy":"post_tag","embeddable":true,"href":"https:\/\/diariodominicano.com\/index.php?rest_route=%2Fwp%2Fv2%2Ftags&post=38704"}],"curies":[{"name":"wp","href":"https:\/\/api.w.org\/{rel}","templated":true}]}}