{"id":386925,"date":"2022-10-02T00:25:27","date_gmt":"2022-10-02T04:25:27","guid":{"rendered":"http:\/\/diariodominicano.com\/?p=386925"},"modified":"2022-10-02T00:31:12","modified_gmt":"2022-10-02T04:31:12","slug":"trujillo-ordena-matar-a-los-haitianos-se-encuentren-en-republica-dominicana","status":"publish","type":"post","link":"https:\/\/diariodominicano.com\/?p=386925","title":{"rendered":"Trujillo ordena matar a los haitianos se encuentren en Rep\u00fablica Dominicana"},"content":{"rendered":"\n<p>Por H\u00e9ctor Tineo Nolasco<\/p>\n\n\n\n<p>Diariodominicano.com<\/p>\n\n\n\n<p>MONTECRISTI, el 2 de octubre de 1937, el dictador Rafael Le\u00f3nidas Trujillo Molina orden\u00f3 matar a los haitianos que se encuentren en el territorio de la Rep\u00fablica Dominicana.<\/p>\n\n\n\n<p>&nbsp;&nbsp;&nbsp;&nbsp; La medida fue precedida de varios incidentes por la presencia de ciudadanos haitianos en las ciudades y campos de la l\u00ednea fronteriza<strong>.&nbsp; Los haitianos eran acusados de invadir el territorio dominicano y cometer acciones delictivas.<\/strong><strong><\/strong><\/p>\n\n\n\n<p>&nbsp;&nbsp;&nbsp;&nbsp; D\u00edas antes, el dictador Trujillo hab\u00eda ordenado la deportaci\u00f3n de todos los haitianos ilegales, lo que inquiet\u00f3 al Gobierno de Hait\u00ed.<\/p>\n\n\n\n<p>&nbsp;&nbsp;&nbsp;&nbsp; Durante los d\u00edas 1 y 2 de octubre de 1937, varios haitianos fueron muertos en el lado dominicano de la l\u00ednea divisoria.<\/p>\n\n\n\n<figure class=\"wp-block-image size-full\"><img loading=\"lazy\" decoding=\"async\" width=\"720\" height=\"880\" src=\"https:\/\/diariodominicano.com\/wp-content\/uploads\/2022\/10\/Trujillo-La-Tragica-aventura-del-poder.jpg\" alt=\"\" class=\"wp-image-386927\" srcset=\"https:\/\/diariodominicano.com\/wp-content\/uploads\/2022\/10\/Trujillo-La-Tragica-aventura-del-poder.jpg 720w, https:\/\/diariodominicano.com\/wp-content\/uploads\/2022\/10\/Trujillo-La-Tragica-aventura-del-poder-245x300.jpg 245w\" sizes=\"auto, (max-width: 720px) 100vw, 720px\" \/><\/figure>\n\n\n\n<p>&nbsp;&nbsp;&nbsp;&nbsp; El escritor estadounidense Robert D. Crassweller anota en su obra \u00abTrujillo la tr\u00e1gica aventura del pode personal, al referirse a las muertes de haitianos, que \u00abLos hechos estaban en este punto cuando Trujillo efectu\u00f3 una de sus peri\u00f3dicas visitas a la frontera.&nbsp; El 2 de octubre se encontraba en Dajab\u00f3n, y en una reuni\u00f3n p\u00fablica realizada all\u00ed declar\u00f3, en t\u00e9rminos violentos, que las violaciones haitianas no ser\u00edan toleradas.\u00b4\u00b4<\/p>\n\n\n\n<p>&nbsp;&nbsp;&nbsp;&nbsp; \u00abAquella noche, en Montecristi, asisti\u00f3 a una fiesta celebrada en la casa de Isabel Mayer, donde la atm\u00f3sfera era muy diferente a la que reinaba cuando el presidente Vincent fuera agasajado a\u00f1o y medio antes\u00b4\u00b4.<\/p>\n\n\n\n<p>&nbsp;&nbsp;&nbsp;&nbsp; Crassweller resalta que Trujillo orden\u00f3 la matanza contra los haitianos la misma noche del d\u00eda 2 de octubre cuando recibi\u00f3 en la residencia de Isabel Mayer, la versi\u00f3n de que sus agentes secretos en Hait\u00ed, hab\u00edan sido descubiertos y luego asesinados.&nbsp;<\/p>\n\n\n\n<p>&nbsp;&nbsp;&nbsp; La matanza de los haitianos localizados en el territorio dominicano se llev\u00f3 a cabo durante 36 horas.&nbsp; El gobierno dio la impresi\u00f3n de que se trataba de una acci\u00f3n decidida por el pueblo dominicano, pero en la matanza participaron miembros de las Fuerzas Armadas y la Polic\u00eda Nacional.<\/p>\n\n\n\n<p>&nbsp;&nbsp;&nbsp;&nbsp; Del n\u00famero de muertos las informaciones son diferentes.<\/p>\n\n\n\n<p>Una versi\u00f3n da cuenta que murieron de 5 mil a 25 mil haitianos, pero el Gobierno haitiano public\u00f3 la cifra de 12 mil, pero luego Trujillo declar\u00f3 que fueron 18 mil.<\/p>\n\n\n\n<p>&nbsp;&nbsp;&nbsp;&nbsp; Otros estiman que una cifra de 15 a 20 mil constituir\u00eda un c\u00e1lculo razonable, pero como las anteriores cifras sigue en el terreno de las conjeturas.<\/p>\n\n\n\n<p>&nbsp;&nbsp;&nbsp;&nbsp;&nbsp; Al producirse los hechos el Gobierno del Presidente haitiano Vincent no reaccion\u00f3 de inmediato.<\/p>\n","protected":false},"excerpt":{"rendered":"<p>Por H\u00e9ctor Tineo Nolasco Diariodominicano.com MONTECRISTI, el 2 de octubre de 1937, el dictador Rafael Le\u00f3nidas Trujillo Molina orden\u00f3 matar a los haitianos que se encuentren en el territorio de la Rep\u00fablica Dominicana. &nbsp;&nbsp;&nbsp;&nbsp; La medida fue precedida de varios incidentes por la presencia de ciudadanos haitianos en las ciudades y campos de la l\u00ednea [&hellip;]<\/p>\n","protected":false},"author":28,"featured_media":303624,"comment_status":"closed","ping_status":"","sticky":true,"template":"","format":"standard","meta":{"footnotes":""},"categories":[26,27],"tags":[],"class_list":["post-386925","post","type-post","status-publish","format-standard","has-post-thumbnail","hentry","category-efemerides","category-portada"],"_links":{"self":[{"href":"https:\/\/diariodominicano.com\/index.php?rest_route=\/wp\/v2\/posts\/386925","targetHints":{"allow":["GET"]}}],"collection":[{"href":"https:\/\/diariodominicano.com\/index.php?rest_route=\/wp\/v2\/posts"}],"about":[{"href":"https:\/\/diariodominicano.com\/index.php?rest_route=\/wp\/v2\/types\/post"}],"author":[{"embeddable":true,"href":"https:\/\/diariodominicano.com\/index.php?rest_route=\/wp\/v2\/users\/28"}],"replies":[{"embeddable":true,"href":"https:\/\/diariodominicano.com\/index.php?rest_route=%2Fwp%2Fv2%2Fcomments&post=386925"}],"version-history":[{"count":3,"href":"https:\/\/diariodominicano.com\/index.php?rest_route=\/wp\/v2\/posts\/386925\/revisions"}],"predecessor-version":[{"id":386929,"href":"https:\/\/diariodominicano.com\/index.php?rest_route=\/wp\/v2\/posts\/386925\/revisions\/386929"}],"wp:featuredmedia":[{"embeddable":true,"href":"https:\/\/diariodominicano.com\/index.php?rest_route=\/wp\/v2\/media\/303624"}],"wp:attachment":[{"href":"https:\/\/diariodominicano.com\/index.php?rest_route=%2Fwp%2Fv2%2Fmedia&parent=386925"}],"wp:term":[{"taxonomy":"category","embeddable":true,"href":"https:\/\/diariodominicano.com\/index.php?rest_route=%2Fwp%2Fv2%2Fcategories&post=386925"},{"taxonomy":"post_tag","embeddable":true,"href":"https:\/\/diariodominicano.com\/index.php?rest_route=%2Fwp%2Fv2%2Ftags&post=386925"}],"curies":[{"name":"wp","href":"https:\/\/api.w.org\/{rel}","templated":true}]}}