{"id":386859,"date":"2022-10-01T20:53:11","date_gmt":"2022-10-02T00:53:11","guid":{"rendered":"http:\/\/diariodominicano.com\/?p=386859"},"modified":"2022-10-01T20:55:19","modified_gmt":"2022-10-02T00:55:19","slug":"traductores-e-interpretes-judiciales-celebran-su-dia","status":"publish","type":"post","link":"https:\/\/diariodominicano.com\/?p=386859","title":{"rendered":"Traductores e Int\u00e9rpretes Judiciales celebran su d\u00eda"},"content":{"rendered":"\n<p><\/p>\n\n\n\n<p><em>En la&nbsp;celebraci\u00f3n de&nbsp;su d\u00eda, saludaron&nbsp;la iniciativa de declarar la ense\u00f1anza del ingl\u00e9s como segunda lengua.<\/em><\/p>\n\n\n\n<figure class=\"wp-block-image size-large\"><img loading=\"lazy\" decoding=\"async\" width=\"1024\" height=\"768\" src=\"https:\/\/diariodominicano.com\/wp-content\/uploads\/2022\/10\/2.-Interpretes-judiciales-celebran-su-dia-con-ofrenda-floral.-1024x768.jpg\" alt=\"\" class=\"wp-image-386862\" srcset=\"https:\/\/diariodominicano.com\/wp-content\/uploads\/2022\/10\/2.-Interpretes-judiciales-celebran-su-dia-con-ofrenda-floral.-1024x768.jpg 1024w, https:\/\/diariodominicano.com\/wp-content\/uploads\/2022\/10\/2.-Interpretes-judiciales-celebran-su-dia-con-ofrenda-floral.-300x225.jpg 300w, https:\/\/diariodominicano.com\/wp-content\/uploads\/2022\/10\/2.-Interpretes-judiciales-celebran-su-dia-con-ofrenda-floral.-768x576.jpg 768w, https:\/\/diariodominicano.com\/wp-content\/uploads\/2022\/10\/2.-Interpretes-judiciales-celebran-su-dia-con-ofrenda-floral.-816x612.jpg 816w, https:\/\/diariodominicano.com\/wp-content\/uploads\/2022\/10\/2.-Interpretes-judiciales-celebran-su-dia-con-ofrenda-floral..jpg 1280w\" sizes=\"auto, (max-width: 1024px) 100vw, 1024px\" \/><figcaption>Traductores e int\u00e9rpretes  judiciales en el Altar de la Patria.<\/figcaption><\/figure>\n\n\n\n<p><strong>Santo Domingo, septiembre 2022.<\/strong>\u00a0La Asociaci\u00f3n Dominicana de Traductores e Int\u00e9rpretes Judiciales (ADIJ) celebraron  su \u201cD\u00eda Nacional\u201d, con una ofrenda floral en el Altar de patria encabezada por su presidente, Luis P\u00e9rez Guzm\u00e1n.<\/p>\n\n\n\n<p>En su breve discurso,&nbsp;P\u00e9rez Guzm\u00e1n dijo que saluda la iniciativa de declarar como prioridad la ense\u00f1anza del ingl\u00e9s como segunda lengua; al tiempo que manifest\u00f3 su apoyo a la iniciativa de ley de los alguaciles.<\/p>\n\n\n\n<p>Asimismo, hizo un llamado a las autoridades judiciales a mejorar las condiciones de trabajo en los tribunales mediante la instalaci\u00f3n de cabinas de interpretaci\u00f3n y a&nbsp;<em>indexar el perdiem,&nbsp;<\/em>que es monto diario de cualquier pago.<\/p>\n\n\n\n<p>Enfatiz\u00f3 su clamor a los senadores y diputados, en especial a la comisi\u00f3n de justicia del Senado que preside el senador de Saman\u00e1, Pedro Catrain Bonilla para que conozca la iniciativa de Ley que crea el Colegio de Traductores.<\/p>\n\n\n\n<p>Su agenda de actividades continu\u00f3 con la participaci\u00f3n&nbsp;de estos profesionales en una misa de acci\u00f3n de gracias en la Catedral Primada de Am\u00e9rica.<\/p>\n\n\n\n<p><strong>Rol del int\u00e9rprete judicial<\/strong><\/p>\n\n\n\n<p>El 30 de septiembre \u201cD\u00eda Nacional del Int\u00e9rpretes Judiciales\u201d est\u00e1 instituido oficialmente por el Decreto 33-13, emitido por el Poder Ejecutivo.<\/p>\n\n\n\n<p>Luis P\u00e9rez Guzm\u00e1n, traductor profesional, afirm\u00f3 que el int\u00e9rprete es un profesional, auxiliar de la justicia, facultado para desempe\u00f1ar su rol de traductor en los procesos en los que participan personas que hablan un idioma diferente al espa\u00f1ol, garantizando as\u00ed un derecho fundamental contemplado en el art\u00edculo 8.2 de la Carta Interamericana de los Derechos Humanos, y 68 de la Constituci\u00f3n.<\/p>\n\n\n\n<p>Precis\u00f3 adem\u00e1s que la importancia de este ejercicio transciende las fronteras de Rep\u00fablica Dominicana porque en mayo de 2017, la Organizaci\u00f3n de las Naciones Unidas (ONU) declar\u00f3 el 30 de septiembre como \u201cD\u00eda Internacional de la Traducci\u00f3n\u201d, mediante Resoluci\u00f3n ONU-71\/288.<\/p>\n\n\n\n<p>Destac\u00f3 que a partir de esta declaraci\u00f3n del \u201cD\u00eda Nacional del Int\u00e9rprete\u201d, la Junta Directiva de ADIJ trabaja arduamente en agrupar, unir y organizar a los profesionales que ejercen esta profesi\u00f3n a nivel nacional.<\/p>\n\n\n\n<p>P\u00e9rez Guzm\u00e1n, quien fue reconocido por el apoyo incondicional que le ha brindado a los int\u00e9rpretes durante dos d\u00e9cadas, record\u00f3 que el 30 de septiembre tambi\u00e9n se conmemora la festividad de San Jer\u00f3nimo, un cura que vivi\u00f3 en el noreste de Italia, quien pas\u00f3 a la historia por haber traducido al lat\u00edn la mayor parte de la Biblia a partir de los manuscritos del Nuevo Testamento. Por eso, es el patr\u00f3n de los traductores.<strong>Pies de fotos.<\/strong>Int\u00e9rpretes judiciales celebran su d\u00eda con ofrenda floral en el Altar de la Patria.<\/p>\n\n\n\n<p>Mar\u00eda Mercedes<a rel=\"noreferrer noopener\" target=\"_blank\" href=\"mailto:sonrie210@yahoo.es\">sonrie210@yahoo.es<\/a><\/p>\n","protected":false},"excerpt":{"rendered":"<p>En la&nbsp;celebraci\u00f3n de&nbsp;su d\u00eda, saludaron&nbsp;la iniciativa de declarar la ense\u00f1anza del ingl\u00e9s como segunda lengua. Santo Domingo, septiembre 2022.\u00a0La Asociaci\u00f3n Dominicana de Traductores e Int\u00e9rpretes Judiciales (ADIJ) celebraron su \u201cD\u00eda Nacional\u201d, con una ofrenda floral en el Altar de patria encabezada por su presidente, Luis P\u00e9rez Guzm\u00e1n. En su breve discurso,&nbsp;P\u00e9rez Guzm\u00e1n dijo que saluda [&hellip;]<\/p>\n","protected":false},"author":28,"featured_media":386860,"comment_status":"closed","ping_status":"","sticky":true,"template":"","format":"standard","meta":{"footnotes":""},"categories":[20,26,27],"tags":[],"class_list":["post-386859","post","type-post","status-publish","format-standard","has-post-thumbnail","hentry","category-dominicana-hoy","category-efemerides","category-portada"],"_links":{"self":[{"href":"https:\/\/diariodominicano.com\/index.php?rest_route=\/wp\/v2\/posts\/386859","targetHints":{"allow":["GET"]}}],"collection":[{"href":"https:\/\/diariodominicano.com\/index.php?rest_route=\/wp\/v2\/posts"}],"about":[{"href":"https:\/\/diariodominicano.com\/index.php?rest_route=\/wp\/v2\/types\/post"}],"author":[{"embeddable":true,"href":"https:\/\/diariodominicano.com\/index.php?rest_route=\/wp\/v2\/users\/28"}],"replies":[{"embeddable":true,"href":"https:\/\/diariodominicano.com\/index.php?rest_route=%2Fwp%2Fv2%2Fcomments&post=386859"}],"version-history":[{"count":3,"href":"https:\/\/diariodominicano.com\/index.php?rest_route=\/wp\/v2\/posts\/386859\/revisions"}],"predecessor-version":[{"id":386864,"href":"https:\/\/diariodominicano.com\/index.php?rest_route=\/wp\/v2\/posts\/386859\/revisions\/386864"}],"wp:featuredmedia":[{"embeddable":true,"href":"https:\/\/diariodominicano.com\/index.php?rest_route=\/wp\/v2\/media\/386860"}],"wp:attachment":[{"href":"https:\/\/diariodominicano.com\/index.php?rest_route=%2Fwp%2Fv2%2Fmedia&parent=386859"}],"wp:term":[{"taxonomy":"category","embeddable":true,"href":"https:\/\/diariodominicano.com\/index.php?rest_route=%2Fwp%2Fv2%2Fcategories&post=386859"},{"taxonomy":"post_tag","embeddable":true,"href":"https:\/\/diariodominicano.com\/index.php?rest_route=%2Fwp%2Fv2%2Ftags&post=386859"}],"curies":[{"name":"wp","href":"https:\/\/api.w.org\/{rel}","templated":true}]}}