{"id":386700,"date":"2022-09-30T23:30:25","date_gmt":"2022-10-01T03:30:25","guid":{"rendered":"http:\/\/diariodominicano.com\/?p=386700"},"modified":"2022-09-30T23:37:48","modified_gmt":"2022-10-01T03:37:48","slug":"restauradores-enfrentan-a-efectivos-del-ejercito-espanol-en-azua","status":"publish","type":"post","link":"https:\/\/diariodominicano.com\/?p=386700","title":{"rendered":"Restauradores enfrentan a efectivos del Ej\u00e9rcito Espa\u00f1ol en Azua"},"content":{"rendered":"\n<p>Por HTN<\/p>\n\n\n\n<p>Diariodominicano.com<\/p>\n\n\n\n<p>AZUA, el 1 de octubre de 1863, en la Guerra de la Restauraci\u00f3n, tropas espa\u00f1olas al mando del general Eusebio Puello, enfrentaron en Azua a las fuerzas restauradoras al mando del general Jos\u00e9 Dur\u00e1n.<\/p>\n\n\n\n<p>&nbsp;&nbsp;&nbsp; Los espa\u00f1oles luego de fuertes enfrentamientos en las inmediaciones del r\u00edo Jura, en Azua, lograron ocupar tres cajas de municiones y dos piezas de artiller\u00eda.<\/p>\n\n\n\n<p>&nbsp;&nbsp;&nbsp;&nbsp; El general Jos\u00e9 Dur\u00e1n y sus tropas hab\u00edan salido de San Juan de la Maguana, con el prop\u00f3sito de desalojar a los anexionistas de Azua.<\/p>\n\n\n\n<p>&nbsp;&nbsp;&nbsp; En ese momento los restauradores ten\u00edan el control del Cibao y recib\u00edan el apoyo de representativos de los dem\u00e1s pueblos que apoyaban al primer Gobierno de la Restauraci\u00f3n establecido en Santiago el 14 de septiembre de 1863.<\/p>\n\n\n\n<p>&nbsp;&nbsp;&nbsp; La Guerra de la Restauraci\u00f3n comenz\u00f3 el 16 de agosto de 1863, tras un grupo de restauradores tomar el Cerro de Capotillo.<\/p>\n","protected":false},"excerpt":{"rendered":"<p>Por HTN Diariodominicano.com AZUA, el 1 de octubre de 1863, en la Guerra de la Restauraci\u00f3n, tropas espa\u00f1olas al mando del general Eusebio Puello, enfrentaron en Azua a las fuerzas restauradoras al mando del general Jos\u00e9 Dur\u00e1n. &nbsp;&nbsp;&nbsp; Los espa\u00f1oles luego de fuertes enfrentamientos en las inmediaciones del r\u00edo Jura, en Azua, lograron ocupar tres [&hellip;]<\/p>\n","protected":false},"author":28,"featured_media":386704,"comment_status":"closed","ping_status":"","sticky":true,"template":"","format":"standard","meta":{"footnotes":""},"categories":[26,27],"tags":[],"class_list":["post-386700","post","type-post","status-publish","format-standard","has-post-thumbnail","hentry","category-efemerides","category-portada"],"_links":{"self":[{"href":"https:\/\/diariodominicano.com\/index.php?rest_route=\/wp\/v2\/posts\/386700","targetHints":{"allow":["GET"]}}],"collection":[{"href":"https:\/\/diariodominicano.com\/index.php?rest_route=\/wp\/v2\/posts"}],"about":[{"href":"https:\/\/diariodominicano.com\/index.php?rest_route=\/wp\/v2\/types\/post"}],"author":[{"embeddable":true,"href":"https:\/\/diariodominicano.com\/index.php?rest_route=\/wp\/v2\/users\/28"}],"replies":[{"embeddable":true,"href":"https:\/\/diariodominicano.com\/index.php?rest_route=%2Fwp%2Fv2%2Fcomments&post=386700"}],"version-history":[{"count":2,"href":"https:\/\/diariodominicano.com\/index.php?rest_route=\/wp\/v2\/posts\/386700\/revisions"}],"predecessor-version":[{"id":386714,"href":"https:\/\/diariodominicano.com\/index.php?rest_route=\/wp\/v2\/posts\/386700\/revisions\/386714"}],"wp:featuredmedia":[{"embeddable":true,"href":"https:\/\/diariodominicano.com\/index.php?rest_route=\/wp\/v2\/media\/386704"}],"wp:attachment":[{"href":"https:\/\/diariodominicano.com\/index.php?rest_route=%2Fwp%2Fv2%2Fmedia&parent=386700"}],"wp:term":[{"taxonomy":"category","embeddable":true,"href":"https:\/\/diariodominicano.com\/index.php?rest_route=%2Fwp%2Fv2%2Fcategories&post=386700"},{"taxonomy":"post_tag","embeddable":true,"href":"https:\/\/diariodominicano.com\/index.php?rest_route=%2Fwp%2Fv2%2Ftags&post=386700"}],"curies":[{"name":"wp","href":"https:\/\/api.w.org\/{rel}","templated":true}]}}