{"id":386674,"date":"2022-09-30T22:42:08","date_gmt":"2022-10-01T02:42:08","guid":{"rendered":"http:\/\/diariodominicano.com\/?p=386674"},"modified":"2022-09-30T23:04:49","modified_gmt":"2022-10-01T03:04:49","slug":"ovando-en-la-historia-del-caribe-1-de-2","status":"publish","type":"post","link":"https:\/\/diariodominicano.com\/?p=386674","title":{"rendered":"OVANDO EN LA HISTORIA DEL CARIBE (1 de 2)"},"content":{"rendered":"\n<p>El monumento  Nicol\u00e1s de Ovando en la ciudad Colonial de Santo Domingo, Rep\u00fablica Dominicana.<\/p>\n\n\n\n<p>POR TE\u00d3FILO LAPPOT ROBLES<\/p>\n\n\n\n<p>Nicol\u00e1s de Ovando fue el quinto gobernador general de las Indias. Despachaba los asuntos del gobierno colonial desde la ciudad de Santo Domingo, principal centro poblacional, econ\u00f3mico, pol\u00edtico, religioso y militar de la isla La Espa\u00f1ola.<\/p>\n\n\n\n<p>Ese personaje, trascendente en la historia del Caribe insular y m\u00e1s all\u00e1, fue designado en dichas funciones mediante un edicto de la Corona espa\u00f1ola emitido el 3 de septiembre de 1501, en la ciudad de Granada, al sur de Espa\u00f1a.<\/p>\n\n\n\n<p>Gobern\u00f3 la segunda isla en extensi\u00f3n del archipi\u00e9lago caribe\u00f1o desde el 15 de abril de 1502 hasta el 10 de julio de 1509, cuando fue sustituido por Diego Col\u00f3n.<\/p>\n\n\n\n<figure class=\"wp-block-image size-full\"><img loading=\"lazy\" decoding=\"async\" width=\"130\" height=\"163\" src=\"https:\/\/diariodominicano.com\/wp-content\/uploads\/2022\/09\/Nicolas-de-Ovando-ach-22.jpg\" alt=\"\" class=\"wp-image-386678\"\/><figcaption>Imagen de Nicol\u00e1s de Ovando<\/figcaption><\/figure>\n\n\n\n<p>Su biograf\u00eda est\u00e1 llena de detalles interesantes sobre su origen familiar. Naci\u00f3 un d\u00eda cualquiera del a\u00f1o 1460 en el poblado de Brozas, en una casa con vista al r\u00edo Salor, uno de los principales afluentes del gran r\u00edo Tajo, en la provincia de C\u00e1ceres, Extremadura.<\/p>\n\n\n\n<p>Muy joven se inclin\u00f3 por los asuntos militares y religiosos, motivo por el cual ingres\u00f3 a una de las principales \u00f3rdenes militares que exist\u00edan en Espa\u00f1a, la de Alc\u00e1ntara.<\/p>\n\n\n\n<p>El an\u00e1lisis de los hechos de Ovando como gobernador colonial permite decir que era de mal car\u00e1cter, despiadado, codicioso y con una visceral inclinaci\u00f3n hacia la maldad.<\/p>\n\n\n\n<figure class=\"wp-block-image size-full\"><img loading=\"lazy\" decoding=\"async\" width=\"198\" height=\"254\" src=\"https:\/\/diariodominicano.com\/wp-content\/uploads\/2022\/09\/Ovando3.jpg\" alt=\"\" class=\"wp-image-386679\"\/><figcaption>Nicol\u00e1s de Ovando <\/figcaption><\/figure>\n\n\n\n<p>Sus cr\u00edmenes a mansalva contra miles de ind\u00edgenas son la m\u00e1s elevada expresi\u00f3n de lo que \u00e9l fue como autoridad. Actuaba como un d\u00e9spota.<\/p>\n\n\n\n<p>Dicho lo anterior sabiendo que varias de las biograf\u00edas edulcoradas sobre \u00e9l obliteran la sangre de inocentes y resaltan m\u00e1s su faceta de fundador de pueblos y organizador de las estructuras del gobierno colonial, lo cual abordar\u00e9 en la pr\u00f3xima entrega.<\/p>\n\n\n\n<p>Sustituy\u00f3 en el referido alto puesto, que colocar\u00eda su nombre en la historia de los dos lados del Atl\u00e1ntico, al comendador Francisco de Bobadilla, cuya hermana Beatriz era marquesa de Moya y formaba parte de la corte de la reina Isabel I de Castilla.<\/p>\n\n\n\n<p>Se sabe que Bobadilla, aunque apres\u00f3 a Crist\u00f3bal Col\u00f3n en el 1500, no tuvo \u00e9xito al enfrentar el alzamiento de Francisco Rold\u00e1n, un rebelde que antes hab\u00eda sido miembro prominente de la corte del rey Fernando, y cuya insurrecci\u00f3n tuvo mucho que ver con sus frustradas expectativas de adquirir grandes riquezas.<\/p>\n\n\n\n<p>Rold\u00e1n, que hab\u00eda sido mayordomo del almirante Col\u00f3n, incit\u00f3 a muchos ind\u00edgenas para que lo acompa\u00f1aran en el levantamiento que hizo en diferentes puntos de la isla. Eso era inaceptable para la Corona espa\u00f1ola, por el efecto imitaci\u00f3n que provocar\u00eda en otros territorios coloniales.<\/p>\n\n\n\n<p>Una de las primeras decisiones de envergadura del gobernador Ovando fue apresar a Rold\u00e1n y enviarlo de vuelta a Espa\u00f1a conjuntamente con el ex gobernador Bobadilla. Ambos murieron en d\u00edas diferentes del mes de julio de 1502, en el canal de La Mona, v\u00edctimas de un hurac\u00e1n que azotaba esta zona de Am\u00e9rica.<\/p>\n\n\n\n<p>&nbsp;Los cinco cacicazgos en que se divid\u00eda la isla llamada por Col\u00f3n La Espa\u00f1ola fueron escenarios de espantosos cr\u00edmenes ordenados por Ovando. Los dos casos m\u00e1s conocidos, por la sevicia, fueron las matanzas de Jaragua e Hig\u00fcey.<\/p>\n\n\n\n<p>Hizo que en el poblado Jaragua, del cacicazgo de igual nombre, se preparara una fiesta con motivo de su visita. Fue una trampa para asesinar a los ind\u00edgenas all\u00ed congregados.<\/p>\n\n\n\n<p>Al frente de esa siniestra labor design\u00f3 a su lugarteniente Diego Vel\u00e1squez. La v\u00edctima m\u00e1s conocida de lo que comenz\u00f3 una tarde de jolgorio fue Anacaona, jefa de aquel cacicazgo, hermana de Bohech\u00edo, esposa de Caonabo y t\u00eda de Enriquillo, figuras prominentes, como ella, de los ta\u00ednos.<\/p>\n\n\n\n<p>De la hecatombe de Jaragua pudo escaparse el cacique Guaroa, logrando establecerse en uno de los cerros de la sierra de Bahoruco. Fue acorralado por los espa\u00f1oles. Prefiri\u00f3 suicidarse antes que rendirse, no sin antes cobrar cara su vida, dando de baja a varios de sus perseguidores.<\/p>\n\n\n\n<p>El cacicazgo de Jaragua era el m\u00e1s grande de los cinco en que estaba dividida la isla, a la llegada de los espa\u00f1oles, en el 1492. Su conquista se produjo entre septiembre de 1503 y febrero de 1504. Para lograrlo Ovando empap\u00f3 de sangre los diversos caser\u00edos distribuidos de un conf\u00edn a otro del mismo.<\/p>\n\n\n\n<p>El cacicazgo de Hig\u00fcey, el \u00faltimo basti\u00f3n de la rebeld\u00eda ind\u00edgena, bajo el mando del cacique Cotubanam\u00e1, fue objeto de dos guerras ordenadas por Nicol\u00e1s de Ovando. Encabez\u00f3 el grupo de matones el capit\u00e1n Juan de Esquivel, quien cumpl\u00eda con gozo criminal las \u00f3rdenes del principal jefe colonial.<\/p>\n\n\n\n<figure class=\"wp-block-image size-full\"><img loading=\"lazy\" decoding=\"async\" width=\"390\" height=\"220\" src=\"https:\/\/diariodominicano.com\/wp-content\/uploads\/2022\/09\/Amadeo-Julian-Cedano001_11310743_20190225174350-390x220-1.jpg\" alt=\"\" class=\"wp-image-386685\" srcset=\"https:\/\/diariodominicano.com\/wp-content\/uploads\/2022\/09\/Amadeo-Julian-Cedano001_11310743_20190225174350-390x220-1.jpg 390w, https:\/\/diariodominicano.com\/wp-content\/uploads\/2022\/09\/Amadeo-Julian-Cedano001_11310743_20190225174350-390x220-1-300x169.jpg 300w\" sizes=\"auto, (max-width: 390px) 100vw, 390px\" \/><figcaption>Amadeo Juli\u00e1n Cedano<\/figcaption><\/figure>\n\n\n\n<p>El jurista e historiador hig\u00fceyano Amadeo Juli\u00e1n Cedano, en un enjundioso ensayo titulado La conquista de Hig\u00fcey, en el cual hace acopio de datos bien fundados, se\u00f1ala que la segunda acci\u00f3n sangrienta contra el cacicazgo de Hig\u00fcey la orden\u00f3 Ovando \u201cel verano de 1504\u2026Su duraci\u00f3n ha sido estimada en ocho o diez meses, al cabo de los cuales fue apresado Cotubanam\u00e1, y ahorcado en la ciudad de Santo Domingo.\u201d (Cl\u00edo No.182, a\u00f1o 2011.P.30).<\/p>\n\n\n\n<p>Los nativos del cacicazgo de Hig\u00fcey que pudieron salvarse de las dos guerras ordenadas por Ovando en su contra fueron sometidos a los peores tratos, por seres carentes del m\u00e1s m\u00ednimo sentimiento de bondad.<\/p>\n\n\n\n<figure class=\"wp-block-image size-full\"><img loading=\"lazy\" decoding=\"async\" width=\"200\" height=\"200\" src=\"https:\/\/diariodominicano.com\/wp-content\/uploads\/2022\/09\/Massimo-Levi-Bacci.jpg\" alt=\"\" class=\"wp-image-386688\" srcset=\"https:\/\/diariodominicano.com\/wp-content\/uploads\/2022\/09\/Massimo-Levi-Bacci.jpg 200w, https:\/\/diariodominicano.com\/wp-content\/uploads\/2022\/09\/Massimo-Levi-Bacci-150x150.jpg 150w, https:\/\/diariodominicano.com\/wp-content\/uploads\/2022\/09\/Massimo-Levi-Bacci-88x88.jpg 88w\" sizes=\"auto, (max-width: 200px) 100vw, 200px\" \/><figcaption> Massimo Levi Bacci, <\/figcaption><\/figure>\n\n\n\n<p>El dem\u00f3grafo e historiador italiano Massimo Levi Bacci, para citar una voz autorizada que avala lo anterior, se\u00f1ala que: \u201c\u2026la fortaleza de Santo Domingo se construy\u00f3 con mano de obra originaria de Hig\u00fcey tras la pacificaci\u00f3n del \u00e1rea.\u201d(Los estragos de la conquista: quebranto y declive de los indios de Am\u00e9rica. Editorial Cr\u00edtica, Barcelona, 2005).<\/p>\n\n\n\n<p>Te\u00f3filo Lappot<a target=\"_blank\" href=\"mailto:teofilolappot@hotmail.com\" rel=\"noreferrer noopener\">teofilolappot@hotmail.com<\/a><\/p>\n","protected":false},"excerpt":{"rendered":"<p>El monumento Nicol\u00e1s de Ovando en la ciudad Colonial de Santo Domingo, Rep\u00fablica Dominicana. POR TE\u00d3FILO LAPPOT ROBLES Nicol\u00e1s de Ovando fue el quinto gobernador general de las Indias. Despachaba los asuntos del gobierno colonial desde la ciudad de Santo Domingo, principal centro poblacional, econ\u00f3mico, pol\u00edtico, religioso y militar de la isla La Espa\u00f1ola. Ese [&hellip;]<\/p>\n","protected":false},"author":28,"featured_media":386677,"comment_status":"closed","ping_status":"","sticky":true,"template":"","format":"standard","meta":{"footnotes":""},"categories":[21,26,27],"tags":[],"class_list":["post-386674","post","type-post","status-publish","format-standard","has-post-thumbnail","hentry","category-cultura","category-efemerides","category-portada"],"_links":{"self":[{"href":"https:\/\/diariodominicano.com\/index.php?rest_route=\/wp\/v2\/posts\/386674","targetHints":{"allow":["GET"]}}],"collection":[{"href":"https:\/\/diariodominicano.com\/index.php?rest_route=\/wp\/v2\/posts"}],"about":[{"href":"https:\/\/diariodominicano.com\/index.php?rest_route=\/wp\/v2\/types\/post"}],"author":[{"embeddable":true,"href":"https:\/\/diariodominicano.com\/index.php?rest_route=\/wp\/v2\/users\/28"}],"replies":[{"embeddable":true,"href":"https:\/\/diariodominicano.com\/index.php?rest_route=%2Fwp%2Fv2%2Fcomments&post=386674"}],"version-history":[{"count":5,"href":"https:\/\/diariodominicano.com\/index.php?rest_route=\/wp\/v2\/posts\/386674\/revisions"}],"predecessor-version":[{"id":386696,"href":"https:\/\/diariodominicano.com\/index.php?rest_route=\/wp\/v2\/posts\/386674\/revisions\/386696"}],"wp:featuredmedia":[{"embeddable":true,"href":"https:\/\/diariodominicano.com\/index.php?rest_route=\/wp\/v2\/media\/386677"}],"wp:attachment":[{"href":"https:\/\/diariodominicano.com\/index.php?rest_route=%2Fwp%2Fv2%2Fmedia&parent=386674"}],"wp:term":[{"taxonomy":"category","embeddable":true,"href":"https:\/\/diariodominicano.com\/index.php?rest_route=%2Fwp%2Fv2%2Fcategories&post=386674"},{"taxonomy":"post_tag","embeddable":true,"href":"https:\/\/diariodominicano.com\/index.php?rest_route=%2Fwp%2Fv2%2Ftags&post=386674"}],"curies":[{"name":"wp","href":"https:\/\/api.w.org\/{rel}","templated":true}]}}