{"id":386660,"date":"2022-09-30T21:51:26","date_gmt":"2022-10-01T01:51:26","guid":{"rendered":"http:\/\/diariodominicano.com\/?p=386660"},"modified":"2022-09-30T22:00:46","modified_gmt":"2022-10-01T02:00:46","slug":"xi-rinde-homenaje-a-heroes-nacionales-en-dia-de-los-martires","status":"publish","type":"post","link":"https:\/\/diariodominicano.com\/?p=386660","title":{"rendered":"Xi rinde homenaje a h\u00e9roes nacionales en D\u00eda de los M\u00e1rtires"},"content":{"rendered":"\n<p><em>spanish.news.cn<\/em>|<em>&nbsp;2022-09-30 14:55:30<\/em>|<\/p>\n\n\n\n<p>BEIJING, 30 sep (Xinhua) &#8212; Xi Jinping y otros l\u00edderes del Partido Comunista de China y del Estado asistieron hoy viernes por la ma\u00f1ana a una ceremonia en la Plaza de Tian&#8217;anmen, en Beijing, para colocar ofrendas florales a los h\u00e9roes nacionales fallecidos.<\/p>\n\n\n\n<p>El evento se llev\u00f3 a cabo para conmemorar el D\u00eda de los M\u00e1rtires, un d\u00eda antes del D\u00eda Nacional.<\/p>\n","protected":false},"excerpt":{"rendered":"<p>spanish.news.cn|&nbsp;2022-09-30 14:55:30| BEIJING, 30 sep (Xinhua) &#8212; Xi Jinping y otros l\u00edderes del Partido Comunista de China y del Estado asistieron hoy viernes por la ma\u00f1ana a una ceremonia en la Plaza de Tian&#8217;anmen, en Beijing, para colocar ofrendas florales a los h\u00e9roes nacionales fallecidos. El evento se llev\u00f3 a cabo para conmemorar el D\u00eda [&hellip;]<\/p>\n","protected":false},"author":28,"featured_media":386665,"comment_status":"closed","ping_status":"","sticky":false,"template":"","format":"standard","meta":{"footnotes":""},"categories":[26],"tags":[],"class_list":["post-386660","post","type-post","status-publish","format-standard","has-post-thumbnail","hentry","category-efemerides"],"_links":{"self":[{"href":"https:\/\/diariodominicano.com\/index.php?rest_route=\/wp\/v2\/posts\/386660","targetHints":{"allow":["GET"]}}],"collection":[{"href":"https:\/\/diariodominicano.com\/index.php?rest_route=\/wp\/v2\/posts"}],"about":[{"href":"https:\/\/diariodominicano.com\/index.php?rest_route=\/wp\/v2\/types\/post"}],"author":[{"embeddable":true,"href":"https:\/\/diariodominicano.com\/index.php?rest_route=\/wp\/v2\/users\/28"}],"replies":[{"embeddable":true,"href":"https:\/\/diariodominicano.com\/index.php?rest_route=%2Fwp%2Fv2%2Fcomments&post=386660"}],"version-history":[{"count":1,"href":"https:\/\/diariodominicano.com\/index.php?rest_route=\/wp\/v2\/posts\/386660\/revisions"}],"predecessor-version":[{"id":386661,"href":"https:\/\/diariodominicano.com\/index.php?rest_route=\/wp\/v2\/posts\/386660\/revisions\/386661"}],"wp:featuredmedia":[{"embeddable":true,"href":"https:\/\/diariodominicano.com\/index.php?rest_route=\/wp\/v2\/media\/386665"}],"wp:attachment":[{"href":"https:\/\/diariodominicano.com\/index.php?rest_route=%2Fwp%2Fv2%2Fmedia&parent=386660"}],"wp:term":[{"taxonomy":"category","embeddable":true,"href":"https:\/\/diariodominicano.com\/index.php?rest_route=%2Fwp%2Fv2%2Fcategories&post=386660"},{"taxonomy":"post_tag","embeddable":true,"href":"https:\/\/diariodominicano.com\/index.php?rest_route=%2Fwp%2Fv2%2Ftags&post=386660"}],"curies":[{"name":"wp","href":"https:\/\/api.w.org\/{rel}","templated":true}]}}