{"id":386657,"date":"2022-09-30T21:46:50","date_gmt":"2022-10-01T01:46:50","guid":{"rendered":"http:\/\/diariodominicano.com\/?p=386657"},"modified":"2022-09-30T22:07:40","modified_gmt":"2022-10-01T02:07:40","slug":"consejo-de-estado-de-china-realiza-recepcion-por-dia-nacional","status":"publish","type":"post","link":"https:\/\/diariodominicano.com\/?p=386657","title":{"rendered":"Consejo de Estado de China realiza recepci\u00f3n por D\u00eda Nacional"},"content":{"rendered":"\n<p><em>spanish.news.cn<\/em>|<em>&nbsp;2022-10-01 04:11:30<\/em>|<\/p>\n\n\n\n<p>(Xinhua\/Huang Jingwen)<\/p>\n\n\n\n<p>BEIJING, 30 sep (Xinhua) &#8212; El Consejo de Estado de China llev\u00f3 a cabo hoy viernes una recepci\u00f3n en el Gran Palacio del Pueblo para celebrar el 73\u00b0 aniversario de la fundaci\u00f3n de la Rep\u00fablica Popular China. El D\u00eda Nacional de China se conmemora el 1 de octubre.<\/p>\n\n\n\n<p>A la recepci\u00f3n asistieron los l\u00edderes del Partido Comunista de China y de Estado Xi Jinping, Li Keqiang, Li Zhanshu, Wang Yang, Wang Huning, Zhao Leji, Han Zheng y Wang Qishan, as\u00ed como cerca de 500 invitados nacionales y extranjeros.<\/p>\n\n\n\n<p>En un mensaje en la recepci\u00f3n, el primer ministro Li Keqiang dijo que el PCCh convocar\u00e1 su XX Congreso Nacional este a\u00f1o y enfatiz\u00f3 la vital importancia del evento.<\/p>\n\n\n\n<p>Este a\u00f1o es uno realmente trascendental en el curso del desarrollo de China, a\u00f1adi\u00f3 Li. \u00abAnte los acontecimientos complejos y desafiantes tanto dentro como fuera de China, toda nuestra naci\u00f3n, bajo el fuerte liderazgo del Comit\u00e9 Central del PCCh con el camarada Xi Jinping como n\u00facleo, ha seguido adelante junta con impulso y determinaci\u00f3n\u00bb.<\/p>\n\n\n\n<p>Garantizar fundamentos econ\u00f3micos sanos es crucial para sostener el firme crecimiento de la econom\u00eda china, dijo Li, quien enfatiz\u00f3 que China ha tomado medidas contundentes para aliviar los impactos causados por factores mayores de lo que se esperaba y ha introducido de forma r\u00e1pida y decisiva un paquete de pol\u00edticas para estabilizar la econom\u00eda. \u00abTenemos la confianza y la capacidad para mantener los principales indicadores econ\u00f3micos dentro de un rango adecuado\u00bb.<\/p>\n\n\n\n<p>Dijo que con la reforma y la apertura como pol\u00edtica fundamental de China, el pa\u00eds ha seguido adelante con la reforma para desarrollar una econom\u00eda de mercado socialista, ha perseguido una apertura de alto est\u00e1ndar, ha mantenido el comercio e inversi\u00f3n exteriores estables y ha profundizado la cooperaci\u00f3n empresarial bilateral y multilateral para mantener a China como un destino preferido para la inversi\u00f3n extranjera y lograr un desarrollo de ganar-ganar.<\/p>\n\n\n\n<p>Li enfatiz\u00f3 el compromiso de llevar a cabo la gobernaci\u00f3n de modo que genere beneficios para el pueblo.<\/p>\n\n\n\n<p>Adem\u00e1s de destacar el apoyo a los esfuerzos para garantizar la prosperidad y estabilidad de Hong Kong y Macao a largo plazo, Li dijo que la pol\u00edtica de \u00abun pa\u00eds con dos sistemas\u00bb, as\u00ed como las pol\u00edticas de que \u00abel pueblo hongkon\u00e9s administra Hong Kong\u00bb y \u00abel pueblo macaense administra Macao\u00bb con alto grado de autonom\u00eda, han sido implementadas con firmeza, plenamente y fielmente.<\/p>\n\n\n\n<p>Nos hemos opuesto firmemente a las acciones separatistas por la \u00abindependencia de Taiwan\u00bb y a la intervenci\u00f3n externa y hemos promovido activamente el crecimiento pac\u00edfico de las relaciones a trav\u00e9s del Estrecho, indic\u00f3.<\/p>\n\n\n\n<p>Li tambi\u00e9n enfatiz\u00f3 los esfuerzos realizados por China para trabajar con otros pa\u00edses para responder a los desaf\u00edos globales y promover la paz, la estabilidad, el desarrollo y la prosperidad en el mundo.<\/p>\n\n\n\n<p>Li termin\u00f3 su discurso haciendo un llamado a unirse a\u00fan m\u00e1s en torno al Comit\u00e9 Central del PCCh con el camarada Xi Jinping como n\u00facleo, a seguir la gu\u00eda del pensamiento de Xi Jinping sobre el socialismo con peculiaridades chinas de la nueva era, y a seguir adelante en un esfuerzo conjunto para convertir a China en un gran pa\u00eds socialista moderno que sea pr\u00f3spero, fuerte, democr\u00e1tico, culturalmente avanzado, armonioso y hermoso.<\/p>\n\n\n\n<p>El viceprimer ministro Han Zheng, tambi\u00e9n miembro del Comit\u00e9 Permanente del Bur\u00f3 Pol\u00edtico del Comit\u00e9 Central del PCCh, presidi\u00f3 la recepci\u00f3n.<\/p>\n\n\n\n<figure class=\"wp-block-image\"><img decoding=\"async\" src=\"http:\/\/spanish.xinhuanet.com\/20221001\/aaf208be06bf4e9aac1893991c0fc922\/ec0e19592c814c24a2f6880fa5e33fcd.jpg\" alt=\"\"\/><\/figure>\n\n\n\n<p>(Xinhua\/Yan Yan)<\/p>\n\n\n\n<figure class=\"wp-block-image\"><img decoding=\"async\" src=\"http:\/\/spanish.xinhuanet.com\/20221001\/aaf208be06bf4e9aac1893991c0fc922\/094a97f9158645ccb357b698d713535f.jpg\" alt=\"\"\/><\/figure>\n\n\n\n<p>(Xinhua\/Huang Jingwen)<\/p>\n\n\n\n<figure class=\"wp-block-embed is-type-wp-embed is-provider-diario-dominicano wp-block-embed-diario-dominicano\"><div class=\"wp-block-embed__wrapper\">\n<blockquote class=\"wp-embedded-content\" data-secret=\"Aw6IoamI3B\"><a href=\"https:\/\/diariodominicano.com\/?p=386657\">Consejo de Estado de China realiza recepci\u00f3n por D\u00eda Nacional<\/a><\/blockquote><iframe loading=\"lazy\" class=\"wp-embedded-content\" sandbox=\"allow-scripts\" security=\"restricted\" style=\"position: absolute; visibility: hidden;\" title=\"\u00abConsejo de Estado de China realiza recepci\u00f3n por D\u00eda Nacional\u00bb \u2014 Diario Dominicano\" src=\"https:\/\/diariodominicano.com\/?p=386657&#038;embed=true#?secret=M1RyegTmYP#?secret=Aw6IoamI3B\" data-secret=\"Aw6IoamI3B\" width=\"600\" height=\"338\" frameborder=\"0\" marginwidth=\"0\" marginheight=\"0\" scrolling=\"no\"><\/iframe>\n<\/div><\/figure>\n\n\n\n<figure class=\"wp-block-embed is-type-wp-embed is-provider-diario-dominicano wp-block-embed-diario-dominicano\"><div class=\"wp-block-embed__wrapper\">\n<blockquote class=\"wp-embedded-content\" data-secret=\"LojS9wTIoe\"><a href=\"https:\/\/diariodominicano.com\/?p=386660\">Xi rinde homenaje a h\u00e9roes nacionales en D\u00eda de los M\u00e1rtires<\/a><\/blockquote><iframe loading=\"lazy\" class=\"wp-embedded-content\" sandbox=\"allow-scripts\" security=\"restricted\" style=\"position: absolute; visibility: hidden;\" title=\"\u00abXi rinde homenaje a h\u00e9roes nacionales en D\u00eda de los M\u00e1rtires\u00bb \u2014 Diario Dominicano\" src=\"https:\/\/diariodominicano.com\/?p=386660&#038;embed=true#?secret=5Yux7ro9KE#?secret=LojS9wTIoe\" data-secret=\"LojS9wTIoe\" width=\"600\" height=\"338\" frameborder=\"0\" marginwidth=\"0\" marginheight=\"0\" scrolling=\"no\"><\/iframe>\n<\/div><\/figure>\n","protected":false},"excerpt":{"rendered":"<p>spanish.news.cn|&nbsp;2022-10-01 04:11:30| (Xinhua\/Huang Jingwen) BEIJING, 30 sep (Xinhua) &#8212; El Consejo de Estado de China llev\u00f3 a cabo hoy viernes una recepci\u00f3n en el Gran Palacio del Pueblo para celebrar el 73\u00b0 aniversario de la fundaci\u00f3n de la Rep\u00fablica Popular China. El D\u00eda Nacional de China se conmemora el 1 de octubre. A la recepci\u00f3n [&hellip;]<\/p>\n","protected":false},"author":28,"featured_media":386658,"comment_status":"closed","ping_status":"","sticky":true,"template":"","format":"standard","meta":{"footnotes":""},"categories":[26,23,27],"tags":[],"class_list":["post-386657","post","type-post","status-publish","format-standard","has-post-thumbnail","hentry","category-efemerides","category-internacional","category-portada"],"_links":{"self":[{"href":"https:\/\/diariodominicano.com\/index.php?rest_route=\/wp\/v2\/posts\/386657","targetHints":{"allow":["GET"]}}],"collection":[{"href":"https:\/\/diariodominicano.com\/index.php?rest_route=\/wp\/v2\/posts"}],"about":[{"href":"https:\/\/diariodominicano.com\/index.php?rest_route=\/wp\/v2\/types\/post"}],"author":[{"embeddable":true,"href":"https:\/\/diariodominicano.com\/index.php?rest_route=\/wp\/v2\/users\/28"}],"replies":[{"embeddable":true,"href":"https:\/\/diariodominicano.com\/index.php?rest_route=%2Fwp%2Fv2%2Fcomments&post=386657"}],"version-history":[{"count":3,"href":"https:\/\/diariodominicano.com\/index.php?rest_route=\/wp\/v2\/posts\/386657\/revisions"}],"predecessor-version":[{"id":386667,"href":"https:\/\/diariodominicano.com\/index.php?rest_route=\/wp\/v2\/posts\/386657\/revisions\/386667"}],"wp:featuredmedia":[{"embeddable":true,"href":"https:\/\/diariodominicano.com\/index.php?rest_route=\/wp\/v2\/media\/386658"}],"wp:attachment":[{"href":"https:\/\/diariodominicano.com\/index.php?rest_route=%2Fwp%2Fv2%2Fmedia&parent=386657"}],"wp:term":[{"taxonomy":"category","embeddable":true,"href":"https:\/\/diariodominicano.com\/index.php?rest_route=%2Fwp%2Fv2%2Fcategories&post=386657"},{"taxonomy":"post_tag","embeddable":true,"href":"https:\/\/diariodominicano.com\/index.php?rest_route=%2Fwp%2Fv2%2Ftags&post=386657"}],"curies":[{"name":"wp","href":"https:\/\/api.w.org\/{rel}","templated":true}]}}