{"id":38660,"date":"2020-06-04T23:02:51","date_gmt":"2020-06-04T23:02:51","guid":{"rendered":"http:\/\/diariodominicano.ddns.net\/?p=38660"},"modified":"2020-06-04T23:02:51","modified_gmt":"2020-06-04T23:02:51","slug":"tianamen-1989","status":"publish","type":"post","link":"https:\/\/diariodominicano.com\/?p=38660","title":{"rendered":"Tianam\u00e9n 1989"},"content":{"rendered":"<p><body><\/p>\n<p><strong>Diariodominicano.com<\/strong><\/p>\n<p><strong>A Pleno Sol<\/strong><\/p>\n<p><strong>Tianam\u00e9n 1989<\/strong><\/p>\n<p><strong>Por Manuel Hern\u00e1ndez Villeta<\/strong><\/p>\n<\/p>\n<\/p>\n<p>El mundo cambio cuando el cuatro de junio  de 1989 el Ej\u00e9rcito de Liberaci\u00f3n de China aplast\u00f3 la protesta, ya pr\u00e1cticamente una revuelta popular, en la Plaza de Tianam\u00e9n. La punta de lanza del movimiento eran los grupos estudiantiles, que se lanzaron a las calles pidiendo libertades p\u00fablicas.<\/p>\n<\/p>\n<p>En el fondo, estaba en juego el modelo futuro que se  mantendr\u00eda en China, entre los tradicionalistas y los reformistas. El Libro Rojo de Mao Tse Tung necesitaba reformas, pero el Partido Comunista Chino tendr\u00eda que subsistir como eje central del capitalismo de Estado.<\/p>\n<\/p>\n<p>No se sabe el n\u00famero de manifestantes que muri\u00f3 en la plaza de Tianam\u00e9n,  arrasada por los tanques y el poderoso ej\u00e9rcito rojo. Tampoco nunca se cuantificaron las p\u00e9rdidas por la purga entre los cuadros dirigentes y la alta oficialidad del ej\u00e9rcito que se opon\u00eda a las reformas.<\/p>\n<\/p>\n<p>Lo cierto es que sin en esas medidas radicales era pr\u00e1cticamente imposible que el comunismo Chino sobreviviera, cuando ya se daban los vientos de cambios en la vieja Uni\u00f3n Sovi\u00e9tica. Era una acci\u00f3n de vida o muerte.<\/p>\n<\/p>\n<p>Ese d\u00eda, con la sangre fresca de Tienam\u00e9n, cambi\u00f3 el mundo. Chino  dio pasos hacia las reformas econ\u00f3micas, que en pocos a\u00f1os la llevar\u00edan a ser una de las grandes potencias del mundo. No renunci\u00f3 a su socialismo, pero abri\u00f3 puertas al comercio mundial, vigilado celosamente por el Partido Comunista.<\/p>\n<\/p>\n<p>Otra de las variantes que se presentaron fue la exportaci\u00f3n de la revoluci\u00f3n. En todos los pa\u00edses sub-desarrollados estaba presente la orientaci\u00f3n China para la toma del poder mediante m\u00e9todos violentos. Esa pol\u00edtica vari\u00f3 desde Tianam\u00e9n.<\/p>\n<\/p>\n<p>China comenz\u00f3 a establecer relaciones diplom\u00e1ticas con la mayor parte de los pa\u00edses del mundo, sin importar que su orientaci\u00f3n, fuera de derecha o de izquierda. Comenz\u00f3 a tratarse de t\u00fa a t\u00fa con los poderosos de Europa y con los Estados Unidos.<\/p>\n<\/p>\n<p>La exportaci\u00f3n de la revoluci\u00f3n dej\u00f3 de ser un hecho armado, para entrar en el \u00e1rea de la tecnolog\u00eda, del comercio y de la industria. Fue una revoluci\u00f3n dentro de la revoluci\u00f3n, con el forzoso ahogamiento de los que se opon\u00edan a la modernizaci\u00f3n.<\/p>\n<\/p>\n<p>Todas las revoluciones destruyen a sus hijos. Desde la madre de todas las revoluciones, la francesa, la lucha de ideas engendra en su seno el germen de la violencia y el aplastamiento del m\u00e1s d\u00e9bil. Sin importar triunfadores o perdedores, hoy como ayer se impone la consigna de Mao Tse Tung de que el poder nace del ca\u00f1\u00f3n de los fusiles. \u00a1Ay!, se me acab\u00f3 la tinta.<\/p>\n<\/p>\n<h6> 2020-06-04 23:02:51 <\/h6>\n<p><!--\n<link rel=\"stylesheet\" href=\"css\/bootstrap.min.css\">\n\n\n<ul class=\"pagination\">\n\t    \n\t\n\n<li >\n\t<a href='?page_no=204'>Previous<\/a>\n\t<\/li>\n\n\n       \n    \n\n<li><a href='?page_no=1'>1<\/a><\/li>\n\n\n\n<li><a href='?page_no=2'>2<\/a><\/li>\n\n\n\n<li><a>...<\/a><\/li>\n\n\n\n<li><a href='?page_no=203'>203<\/a><\/li>\n\n\n\n<li><a href='?page_no=204'>204<\/a><\/li>\n\n\n\n<li class='active'><a>205<\/a><\/li>\n\n\n\n<li><a href='?page_no=206'>206<\/a><\/li>\n\n\n\n<li><a href='?page_no=207'>207<\/a><\/li>\n\n\n\n<li><a>...<\/a><\/li>\n\n\n\n<li><a href='?page_no=13611'>13611<\/a><\/li>\n\n\n\n<li><a href='?page_no=13612'>13612<\/a><\/li>\n\n    \n\t\n\n<li >\n\t<a href='?page_no=206'>Next<\/a>\n\t<\/li>\n\n\n    \n\n<li><a href='?page_no=13612'>Last &rsaquo;&rsaquo;<\/a><\/li>\n\n<\/ul>\n\n\n--><br \/>\n<\/body><\/p>\n","protected":false},"excerpt":{"rendered":"<p>Diariodominicano.com A Pleno Sol Tianam\u00e9n 1989 Por Manuel Hern\u00e1ndez Villeta El mundo cambio cuando el cuatro de junio de 1989 el Ej\u00e9rcito de Liberaci\u00f3n de China aplast\u00f3 la protesta, ya pr\u00e1cticamente una revuelta popular, en la Plaza de Tianam\u00e9n. La punta de lanza del movimiento eran los grupos estudiantiles, que se lanzaron a las calles [&hellip;]<\/p>\n","protected":false},"author":3,"featured_media":0,"comment_status":"open","ping_status":"open","sticky":false,"template":"","format":"standard","meta":{"footnotes":""},"categories":[16],"tags":[],"class_list":["post-38660","post","type-post","status-publish","format-standard","hentry","category-opiniones"],"_links":{"self":[{"href":"https:\/\/diariodominicano.com\/index.php?rest_route=\/wp\/v2\/posts\/38660","targetHints":{"allow":["GET"]}}],"collection":[{"href":"https:\/\/diariodominicano.com\/index.php?rest_route=\/wp\/v2\/posts"}],"about":[{"href":"https:\/\/diariodominicano.com\/index.php?rest_route=\/wp\/v2\/types\/post"}],"author":[{"embeddable":true,"href":"https:\/\/diariodominicano.com\/index.php?rest_route=\/wp\/v2\/users\/3"}],"replies":[{"embeddable":true,"href":"https:\/\/diariodominicano.com\/index.php?rest_route=%2Fwp%2Fv2%2Fcomments&post=38660"}],"version-history":[{"count":0,"href":"https:\/\/diariodominicano.com\/index.php?rest_route=\/wp\/v2\/posts\/38660\/revisions"}],"wp:attachment":[{"href":"https:\/\/diariodominicano.com\/index.php?rest_route=%2Fwp%2Fv2%2Fmedia&parent=38660"}],"wp:term":[{"taxonomy":"category","embeddable":true,"href":"https:\/\/diariodominicano.com\/index.php?rest_route=%2Fwp%2Fv2%2Fcategories&post=38660"},{"taxonomy":"post_tag","embeddable":true,"href":"https:\/\/diariodominicano.com\/index.php?rest_route=%2Fwp%2Fv2%2Ftags&post=38660"}],"curies":[{"name":"wp","href":"https:\/\/api.w.org\/{rel}","templated":true}]}}