{"id":386499,"date":"2022-09-29T23:50:22","date_gmt":"2022-09-30T03:50:22","guid":{"rendered":"http:\/\/diariodominicano.com\/?p=386499"},"modified":"2022-09-29T23:51:44","modified_gmt":"2022-09-30T03:51:44","slug":"restauradores-toman-posiciones-en-azua-3","status":"publish","type":"post","link":"https:\/\/diariodominicano.com\/?p=386499","title":{"rendered":"Restauradores toman posiciones en Azua"},"content":{"rendered":"\n<p>  El\u00a0 primer Gobierno de la Restauraci\u00f3n fue constituido en Santiago de Los Caballeros,\u00a0 el 14 de septiembre de 1863, luego que los restauradores derrotaron a las fuerzas espa\u00f1olas en la Batalla del 30 de Marzo de 1844, en \u00a0Santiago. (En la imagen de archivo un momento del acto  celebrado en honor a los pr\u00f3ceres del 19 de marzo de 1844)<\/p>\n\n\n\n<p>\u00a0 Por HTN<\/p>\n\n\n\n<p>Diariodominicano.com<\/p>\n\n\n\n<p>AZUA,\u00a0 el 30 de septiembre de 1863, en la Guerra de la Restauraci\u00f3n, fuerzas dominicanas al mando del general Jos\u00e9 Dur\u00e1n tomaron posiciones en Azua, donde enfrentar\u00edan a tropas anexionistas.<\/p>\n\n\n\n<p>&nbsp;&nbsp; El d\u00eda anterior, el 29 de septiembre, el general Jos\u00e9 Dur\u00e1n sali\u00f3 con sus tropas de&nbsp; San Juan de la Maguana.<\/p>\n\n\n\n<p>&nbsp;&nbsp; El&nbsp; mismo d\u00eda 9 de septiembre de 1863, tropas anexionistas al mando del general Pedro Santana, atacaron las posiciones de los restauradores en Arroyo Bermejo. Santana comandaba 800 hombres.<\/p>\n\n\n\n<p>&nbsp;&nbsp; En el momento que se produjo el ataque, el Gobierno de la Restauraci\u00f3n se fortalec\u00eda en la regi\u00f3n sur y ten\u00eda el control de las principales zonas del Cibao, incluida la ciudad Santiago de los Caballeros.<\/p>\n\n\n\n<p>&nbsp;&nbsp; Todo qued\u00f3 definido luego que los restauradores derrotaron a los espa\u00f1oles en la Batalla de Santiago, durante los d\u00edas del&nbsp; 6 al 13 de septiembre de 1863.<\/p>\n\n\n\n<p>&nbsp;&nbsp;&nbsp; Asimismo, el 21 de septiembre de 1863, las poblaciones de Barahona, Rinc\u00f3n y Petit Trou, como era conocido Enriquillo, se declararon a favor del Gobierno de la Restauraci\u00f3n.<\/p>\n\n\n\n<p>&nbsp;&nbsp; A nombre de las comunidades hablaron el Coronel F\u00e9lix y el ciudadano Blas Cuello.<\/p>\n\n\n\n<p>&nbsp;&nbsp;&nbsp; En&nbsp; el momento que hicieron la declaraci\u00f3n amenazaron con marchar sobre Neiba al frente de 200 hombres.<\/p>\n\n\n\n<p>&nbsp;&nbsp;&nbsp; El&nbsp; primer Gobierno de la Restauraci\u00f3n fue constituido en Santiago de Los Caballeros,&nbsp; el 14 de septiembre de 1863, luego que los restauradores derrotaron a las fuerzas espa\u00f1olas en la Batalla del 30 de Marzo de 1844, en &nbsp;Santiago.<\/p>\n\n\n\n<p>&nbsp;&nbsp;&nbsp; Como primer presidente fue juramentado el General Jos\u00e9 Antonio Salcedo, quien tuvo entre sus colaboradores a ciudadanos de pensamiento liberal, entre los que se encontraban Benigno Filomeno Rojas, Ulises Francisco Espaillat, M\u00e1ximo Grull\u00f3n, Pablo Pujols, Pedro Francisco Bon\u00f3, Alfredo Deetjen, Belisario Curiel y Sebasti\u00e1n Valverde.<\/p>\n","protected":false},"excerpt":{"rendered":"<p>El\u00a0 primer Gobierno de la Restauraci\u00f3n fue constituido en Santiago de Los Caballeros,\u00a0 el 14 de septiembre de 1863, luego que los restauradores derrotaron a las fuerzas espa\u00f1olas en la Batalla del 30 de Marzo de 1844, en \u00a0Santiago. (En la imagen de archivo un momento del acto celebrado en honor a los pr\u00f3ceres del [&hellip;]<\/p>\n","protected":false},"author":28,"featured_media":272190,"comment_status":"closed","ping_status":"","sticky":true,"template":"","format":"standard","meta":{"footnotes":""},"categories":[26,27],"tags":[],"class_list":["post-386499","post","type-post","status-publish","format-standard","has-post-thumbnail","hentry","category-efemerides","category-portada"],"_links":{"self":[{"href":"https:\/\/diariodominicano.com\/index.php?rest_route=\/wp\/v2\/posts\/386499","targetHints":{"allow":["GET"]}}],"collection":[{"href":"https:\/\/diariodominicano.com\/index.php?rest_route=\/wp\/v2\/posts"}],"about":[{"href":"https:\/\/diariodominicano.com\/index.php?rest_route=\/wp\/v2\/types\/post"}],"author":[{"embeddable":true,"href":"https:\/\/diariodominicano.com\/index.php?rest_route=\/wp\/v2\/users\/28"}],"replies":[{"embeddable":true,"href":"https:\/\/diariodominicano.com\/index.php?rest_route=%2Fwp%2Fv2%2Fcomments&post=386499"}],"version-history":[{"count":3,"href":"https:\/\/diariodominicano.com\/index.php?rest_route=\/wp\/v2\/posts\/386499\/revisions"}],"predecessor-version":[{"id":386502,"href":"https:\/\/diariodominicano.com\/index.php?rest_route=\/wp\/v2\/posts\/386499\/revisions\/386502"}],"wp:featuredmedia":[{"embeddable":true,"href":"https:\/\/diariodominicano.com\/index.php?rest_route=\/wp\/v2\/media\/272190"}],"wp:attachment":[{"href":"https:\/\/diariodominicano.com\/index.php?rest_route=%2Fwp%2Fv2%2Fmedia&parent=386499"}],"wp:term":[{"taxonomy":"category","embeddable":true,"href":"https:\/\/diariodominicano.com\/index.php?rest_route=%2Fwp%2Fv2%2Fcategories&post=386499"},{"taxonomy":"post_tag","embeddable":true,"href":"https:\/\/diariodominicano.com\/index.php?rest_route=%2Fwp%2Fv2%2Ftags&post=386499"}],"curies":[{"name":"wp","href":"https:\/\/api.w.org\/{rel}","templated":true}]}}