{"id":38605,"date":"2020-06-08T00:35:02","date_gmt":"2020-06-08T00:35:02","guid":{"rendered":"http:\/\/diariodominicano.ddns.net\/?p=38605"},"modified":"2020-06-08T00:35:02","modified_gmt":"2020-06-08T00:35:02","slug":"las-opciones-de-crecimiento-para-ganar","status":"publish","type":"post","link":"https:\/\/diariodominicano.com\/?p=38605","title":{"rendered":"\u00a1Las opciones de crecimiento para ganar!"},"content":{"rendered":"<p><body><\/p>\n<p><strong>\u00a1Las opciones de crecimiento para ganar!<\/strong><\/p>\n<p><strong>Franklin Almeyda Rancier <\/strong> <\/p>\n<p>Las organizaciones pol\u00edticas con candidatos presidenciales posicionados para clasificar para una segunda vuelta, tienen diferentes opciones, a veces exitosas si saben manejarse en un contexto con diferenciaciones tan finas como lo es un vello humano; un vello es m\u00e1s fino y corto que un pelo y no tiene m\u00e9dula ni gl\u00e1ndula seb\u00e1cea, no es mayor de 2mm.<\/p>\n<p>El contexto actual sin dudas, aunque siempre hay quien porf\u00eda, es que Abinader desde marzo se mueve muy poco, entre 41% y 44%; Leonel ha subido a 33%; y Gonzalo se desploma a 18%.<\/p>\n<p>Abinader est\u00e1 varios puntos por encima de su partido, lo mismo Leonel. Pero Gonzalo est\u00e1 debajo del suyo. Estas elecciones la definen los candidatos, no los partidos.<\/p>\n<\/p>\n<p>Esta realidad conocida por los estrategas de esos candidatos, colocan el proceso en ellos y no en los partidos. El partido oficial ha tenido la peor carga porque \u00e9l \u00abtiene dinero ajeno\u00bb y el Estado apoy\u00e1ndolo, pero es el peor candidato que pudo postular esa organizaci\u00f3n oficialista.<\/p>\n<\/p>\n<p>Si Abinader no se mueve hacia arriba, vale preguntarse \u00bfpor qu\u00e9? Es que su espacio, su techo, para crecer es de muy pocos puntos; pueden ser dos o tres, no podr\u00e1 sin negociar asegurar su triunfo.<\/p>\n<\/p>\n<p>Eso explica que Roberto Furcal, coordinador de campa\u00f1a de Abinader afirmara que ellos est\u00e1n realizando lo que llam\u00f3 \u00abestrategia de remate\u00bb. Ah\u00ed confiesa esta joya: \u00abConversamos en sentido general, obviamente todav\u00eda de manera informal, porque toda fuerza que est\u00e1 participando para la primera vuelta, no quiere mandar una imagen de que tiene un acuerdo, porque pudiera perjudicar probablemente a esa fuerza\u00bb.<\/p>\n<\/p>\n<p>Es evidente que se trata de una confesi\u00f3n de haber manejado ese tema con la c\u00fapula del PLD. Con la Fuerza del Pueblo no ha sido, puesto que nuestras acciones pactadas han estado sujetas a cuestiones puntuales ante la JCE sobre el voto del exterior, la direcci\u00f3n de inform\u00e1tica y el protocolo sanitario. Tambi\u00e9n sobre temas del Congreso, para el control de las pr\u00f3rrogas del estado de excepci\u00f3n y sobre la negativa nuestra a tocar la reforma constitucional.<\/p>\n<\/p>\n<p>El crecimiento de Leonel tiene inquieto y preocupado al PRM. Leonel tiene un techo de crecimiento que proviene, entre otros, de las bases del PLD; les crea incertidumbre al PRM y al PLD que Leonel reciba ese vuelco o avalancha, como se ve asomar cada vez m\u00e1s.<\/p>\n<\/p>\n<p>Ambos, PRM y PLD, est\u00e1n ansiosos y por eso Roberto Fulcar suelta esta otra joya: \u00abEn una segunda vuelta est\u00e1 claro que el que quede en tercer lugar apoyar\u00eda a Luis Abinader, eso es l\u00f3gico, porque hay una radicalizaci\u00f3n en las relaciones entre las otras dos fuerzas\u00bb (Programa \u00abVerdades Al Aire\u00bb, del periodista Adolfo Salom\u00f3n, CDN 37).<\/p>\n<\/p>\n<p>\u00bfQui\u00e9nes est\u00e1n radicalizados? \u00a1Est\u00e1 claro!<\/p>\n<\/p>\n<p>Tremendo dilema para el PRM. Si espera acuerdos con la c\u00fapula del PLD para buscar los porcentajes que les faltan para subir, tambi\u00e9n le quita puntos. La c\u00fapula puede darle, pero como es a cambio de impunidad le resta m\u00e1s de lo que le da.<\/p>\n<\/p>\n<p>La primera vuelta se celebrar\u00e1 y el PRM ya sabe, parece que no lo quer\u00eda aceptar, de que de ah\u00ed saldr\u00e1 su candidato presidencial a enfrentarse a Leonel, con quien no quisiera hacerlo, tal y como se neg\u00f3 detr\u00e1s de Gonzalo cuando ANJE organiz\u00f3 su debate.<\/p>\n<h6> 2020-06-08 00:35:02 <\/h6>\n<p><!--\n<link rel=\"stylesheet\" href=\"css\/bootstrap.min.css\">\n\n\n<ul class=\"pagination\">\n\t    \n\t\n\n<li >\n\t<a href='?page_no=199'>Previous<\/a>\n\t<\/li>\n\n\n       \n    \n\n<li><a href='?page_no=1'>1<\/a><\/li>\n\n\n\n<li><a href='?page_no=2'>2<\/a><\/li>\n\n\n\n<li><a>...<\/a><\/li>\n\n\n\n<li><a href='?page_no=198'>198<\/a><\/li>\n\n\n\n<li><a href='?page_no=199'>199<\/a><\/li>\n\n\n\n<li class='active'><a>200<\/a><\/li>\n\n\n\n<li><a href='?page_no=201'>201<\/a><\/li>\n\n\n\n<li><a href='?page_no=202'>202<\/a><\/li>\n\n\n\n<li><a>...<\/a><\/li>\n\n\n\n<li><a href='?page_no=13611'>13611<\/a><\/li>\n\n\n\n<li><a href='?page_no=13612'>13612<\/a><\/li>\n\n    \n\t\n\n<li >\n\t<a href='?page_no=201'>Next<\/a>\n\t<\/li>\n\n\n    \n\n<li><a href='?page_no=13612'>Last &rsaquo;&rsaquo;<\/a><\/li>\n\n<\/ul>\n\n\n--><br \/>\n<\/body><\/p>\n","protected":false},"excerpt":{"rendered":"<p>\u00a1Las opciones de crecimiento para ganar! Franklin Almeyda Rancier Las organizaciones pol\u00edticas con candidatos presidenciales posicionados para clasificar para una segunda vuelta, tienen diferentes opciones, a veces exitosas si saben manejarse en un contexto con diferenciaciones tan finas como lo es un vello humano; un vello es m\u00e1s fino y corto que un pelo y [&hellip;]<\/p>\n","protected":false},"author":3,"featured_media":0,"comment_status":"open","ping_status":"open","sticky":false,"template":"","format":"standard","meta":{"footnotes":""},"categories":[16],"tags":[],"class_list":["post-38605","post","type-post","status-publish","format-standard","hentry","category-opiniones"],"_links":{"self":[{"href":"https:\/\/diariodominicano.com\/index.php?rest_route=\/wp\/v2\/posts\/38605","targetHints":{"allow":["GET"]}}],"collection":[{"href":"https:\/\/diariodominicano.com\/index.php?rest_route=\/wp\/v2\/posts"}],"about":[{"href":"https:\/\/diariodominicano.com\/index.php?rest_route=\/wp\/v2\/types\/post"}],"author":[{"embeddable":true,"href":"https:\/\/diariodominicano.com\/index.php?rest_route=\/wp\/v2\/users\/3"}],"replies":[{"embeddable":true,"href":"https:\/\/diariodominicano.com\/index.php?rest_route=%2Fwp%2Fv2%2Fcomments&post=38605"}],"version-history":[{"count":0,"href":"https:\/\/diariodominicano.com\/index.php?rest_route=\/wp\/v2\/posts\/38605\/revisions"}],"wp:attachment":[{"href":"https:\/\/diariodominicano.com\/index.php?rest_route=%2Fwp%2Fv2%2Fmedia&parent=38605"}],"wp:term":[{"taxonomy":"category","embeddable":true,"href":"https:\/\/diariodominicano.com\/index.php?rest_route=%2Fwp%2Fv2%2Fcategories&post=38605"},{"taxonomy":"post_tag","embeddable":true,"href":"https:\/\/diariodominicano.com\/index.php?rest_route=%2Fwp%2Fv2%2Ftags&post=38605"}],"curies":[{"name":"wp","href":"https:\/\/api.w.org\/{rel}","templated":true}]}}