{"id":38592,"date":"2020-06-08T21:45:05","date_gmt":"2020-06-08T21:45:05","guid":{"rendered":"http:\/\/diariodominicano.ddns.net\/?p=38592"},"modified":"2020-06-08T21:45:05","modified_gmt":"2020-06-08T21:45:05","slug":"el-futuro-sin-senales-ni-metas","status":"publish","type":"post","link":"https:\/\/diariodominicano.com\/?p=38592","title":{"rendered":"\u00bfEl futuro?: sin se\u00f1ales, ni metas"},"content":{"rendered":"<p><body><\/p>\n<p><strong>A Pleno Sol<\/strong><\/p>\n<p><strong>\u00bfEl futuro?: sin se\u00f1ales, ni metas<\/strong><\/p>\n<p><strong>Por Manuel Hern\u00e1ndez Villeta<\/strong><\/p>\n<\/p>\n<\/p>\n<p>Sin ser creyentes de la mitolog\u00eda griega, se puede considerar que lo m\u00e1s cercano al dios Jano es la econom\u00eda. Tiene dos caras que siempre van unidas. El progreso y el subdesarrollo. El optimismo y el pesimismo. Hay ocasiones que del derrumbe econ\u00f3mica, surge el programa salvador, que evita millones caigan en la miseria m\u00e1s absoluta.<\/p>\n<\/p>\n<p>Ahora mismo el proceso econ\u00f3mico dominicana tiene por lo menos dos caras. Se busca el aceleramiento del proceso productivo, con las industrias  y el comercio trabajando de nuevo, pero al mismo tiempo se da como un hecho doloroso que viene un desempleo masivo.<\/p>\n<\/p>\n<p>Los t\u00e9cnicos del Banco Central hablan con claridad sobre los problemas que ha presentado la econom\u00eda dominicana, en tiempo de la pandemia. Las estad\u00edsticas  cercanas  a los meses de abril y mayo, lucen dif\u00edcil de digerir.<\/p>\n<\/p>\n<p>Por lo menos para abril se present\u00f3 una brusca ca\u00edda econ\u00f3mica  que fue l\u00f3gica y dif\u00edcil de evitar. Todo el aparato productivo estaba cerrado para ese momento, lo que pas\u00f3 tambi\u00e9n con mayo, que no figura en los guarismos oficiales.<\/p>\n<\/p>\n<p>Si se abren los comercios, el aparato productivo volver\u00e1  a la brega, aunque muy por debajo de c\u00f3mo estaba en el mes de enero. Algunos ir\u00e1n cojeando a su nuevo encuentro con la producci\u00f3n, y a otros les ser\u00e1 dif\u00edcil arrancar.<\/p>\n<\/p>\n<p>La industria de la construcci\u00f3n puede ser una salvaci\u00f3n. Permite emplear a miles de personas, sea con el aporte de la fuerza brutas o el  t\u00e9cnico especializado. Es m\u00e1s optimismo de la cuenta considerar que el sector tur\u00edstico se podr\u00e1 poner en marcha por un simple edicto de apertura. Si hay crisis en los principales pa\u00edses de donde vienen turistas a Republica Dominicana, la industria sin chimeneas seguir\u00e1 congelada.<\/p>\n<\/p>\n<p>Los t\u00e9cnicos del Banco Central lucen optimistas y tienen la plena confianza de que ya para el mes de agosto  el proceso productivo estar\u00e1 en marcha, y para fines de a\u00f1o, se podr\u00eda recuperar el tiempo perdido por la pandemia.<\/p>\n<\/p>\n<p>Dos cosas pueden limitar esa visi\u00f3n. Con las elecciones para el mes que viene y con la epidemia con todas sus fuerzas, no se pueden hacer planteamientos a futuro. No se olvide que un nuevo gobierno llegar\u00e1 al Palacio Nacional el venidero 16 de agosto, y de seguro no tendr\u00e1 las manos atadas por estos informes econ\u00f3micos.<\/p>\n<\/p>\n<p>Si se mira la otra p\u00e1gina, es un golpe contra la pared. Es la otra cara. Los empresarios, a trav\u00e9s de una de sus voceros, Circe Alm\u00e1nzar, hablan con claridad: viene un masivo desempleo. La Asociaci\u00f3n de Industrias no deja lugar al optimismo cuando dice que   \u00abhay una situaci\u00f3n compleja porque  se tiene que reducir la cantidad de empleados porque si se sigue pagando los salarios se va a crear un problema mayor.<\/p>\n<\/p>\n<p>Mientras que los empresarios de Herrera, en voz de su presidente, Leonel Castellanos Duarte, dijo que en esta crisis las empresas deber\u00e1n determinar qui\u00e9n se queda y quien sigue trabajando. La verdad, estamos en un callej\u00f3n con la salida obstruida: hay que romper paredes para subsistir. \u00a1Ay!, se me acab\u00f3 la tinta.<\/p>\n<\/p>\n<h6> 2020-06-08 21:45:05 <\/h6>\n<p><!--\n<link rel=\"stylesheet\" href=\"css\/bootstrap.min.css\">\n\n\n<ul class=\"pagination\">\n\t    \n\t\n\n<li >\n\t<a href='?page_no=198'>Previous<\/a>\n\t<\/li>\n\n\n       \n    \n\n<li><a href='?page_no=1'>1<\/a><\/li>\n\n\n\n<li><a href='?page_no=2'>2<\/a><\/li>\n\n\n\n<li><a>...<\/a><\/li>\n\n\n\n<li><a href='?page_no=197'>197<\/a><\/li>\n\n\n\n<li><a href='?page_no=198'>198<\/a><\/li>\n\n\n\n<li class='active'><a>199<\/a><\/li>\n\n\n\n<li><a href='?page_no=200'>200<\/a><\/li>\n\n\n\n<li><a href='?page_no=201'>201<\/a><\/li>\n\n\n\n<li><a>...<\/a><\/li>\n\n\n\n<li><a href='?page_no=13611'>13611<\/a><\/li>\n\n\n\n<li><a href='?page_no=13612'>13612<\/a><\/li>\n\n    \n\t\n\n<li >\n\t<a href='?page_no=200'>Next<\/a>\n\t<\/li>\n\n\n    \n\n<li><a href='?page_no=13612'>Last &rsaquo;&rsaquo;<\/a><\/li>\n\n<\/ul>\n\n\n--><br \/>\n<\/body><\/p>\n","protected":false},"excerpt":{"rendered":"<p>A Pleno Sol \u00bfEl futuro?: sin se\u00f1ales, ni metas Por Manuel Hern\u00e1ndez Villeta Sin ser creyentes de la mitolog\u00eda griega, se puede considerar que lo m\u00e1s cercano al dios Jano es la econom\u00eda. Tiene dos caras que siempre van unidas. El progreso y el subdesarrollo. El optimismo y el pesimismo. Hay ocasiones que del derrumbe [&hellip;]<\/p>\n","protected":false},"author":3,"featured_media":0,"comment_status":"open","ping_status":"open","sticky":false,"template":"","format":"standard","meta":{"footnotes":""},"categories":[16],"tags":[],"class_list":["post-38592","post","type-post","status-publish","format-standard","hentry","category-opiniones"],"_links":{"self":[{"href":"https:\/\/diariodominicano.com\/index.php?rest_route=\/wp\/v2\/posts\/38592","targetHints":{"allow":["GET"]}}],"collection":[{"href":"https:\/\/diariodominicano.com\/index.php?rest_route=\/wp\/v2\/posts"}],"about":[{"href":"https:\/\/diariodominicano.com\/index.php?rest_route=\/wp\/v2\/types\/post"}],"author":[{"embeddable":true,"href":"https:\/\/diariodominicano.com\/index.php?rest_route=\/wp\/v2\/users\/3"}],"replies":[{"embeddable":true,"href":"https:\/\/diariodominicano.com\/index.php?rest_route=%2Fwp%2Fv2%2Fcomments&post=38592"}],"version-history":[{"count":0,"href":"https:\/\/diariodominicano.com\/index.php?rest_route=\/wp\/v2\/posts\/38592\/revisions"}],"wp:attachment":[{"href":"https:\/\/diariodominicano.com\/index.php?rest_route=%2Fwp%2Fv2%2Fmedia&parent=38592"}],"wp:term":[{"taxonomy":"category","embeddable":true,"href":"https:\/\/diariodominicano.com\/index.php?rest_route=%2Fwp%2Fv2%2Fcategories&post=38592"},{"taxonomy":"post_tag","embeddable":true,"href":"https:\/\/diariodominicano.com\/index.php?rest_route=%2Fwp%2Fv2%2Ftags&post=38592"}],"curies":[{"name":"wp","href":"https:\/\/api.w.org\/{rel}","templated":true}]}}