{"id":385717,"date":"2022-09-26T16:57:05","date_gmt":"2022-09-26T20:57:05","guid":{"rendered":"http:\/\/diariodominicano.com\/?p=385717"},"modified":"2022-09-26T16:57:05","modified_gmt":"2022-09-26T20:57:05","slug":"encuentro-historico-de-san-cristobal-sera-el-sabado-8-de-octubre","status":"publish","type":"post","link":"https:\/\/diariodominicano.com\/?p=385717","title":{"rendered":"Encuentro Hist\u00f3rico de San Crist\u00f3bal ser\u00e1 el s\u00e1bado 8 de octubre\u00a0"},"content":{"rendered":"\n<p>Jos\u00e9 Pimentel Mu\u00f1oz, Juancho Guerra y Pur\u00edsima de Le\u00f3n anuncian el \u00abXV Encuentro de Historias, recuerdos y an\u00e9cdotas de San Crist\u00f3bal\u00bb<\/p>\n\n\n\n<p><br>SANTO DOMINGO, RD.- El \u201cXV Encuentro de historias, recuerdos y an\u00e9cdotas de San Crist\u00f3bal\u201d ser\u00e1 efectuado el s\u00e1bado 8 de octubre pr\u00f3ximo en esta capital para pasar revista a hechos ocurridos en las \u00faltimas d\u00e9cadas en esa comunidad.\u00a0<\/p>\n\n\n\n<p><br>El Centro Cultural Mirador, ubicado en la avenida Mirador del Sur, al lado del restaurant Mes\u00f3n de la Cava, ser\u00e1 escenario de la actividad a partir de las 3 de la tarde, anunciaron el organizador, Jos\u00e9 Pimentel Mu\u00f1oz y los ejecutivos del establecimiento, Pur\u00edsima de Le\u00f3n y Juancho Guerra.\u00a0<\/p>\n\n\n\n<p><br>El periodista Pimentel Mu\u00f1oz dijo que en este encuentro \u201chan expuesto las mentes m\u00e1s l\u00facidas de esa comunidad y se ha efectuado en los \u00faltimos veinte a\u00f1os, nueve veces en Santo Domingo y cinco en San Crist\u00f3bal\u201d.\u00a0<\/p>\n\n\n\n<p><br>Observ\u00f3 que, en la actividad, abierta al p\u00fablico, \u201cse exponen hechos de mayor o menor importancia, estampas y an\u00e9cdotas del \u00e1mbito pueblerino y sirve para que un pu\u00f1ado de sancristobalenses se d\u00e9 un apret\u00f3n de manos, renueve afectos y realice un vistazo panor\u00e1mico al pasado de la poblaci\u00f3n\u201d.<\/p>\n\n\n\n<p>Jose Pimentel Almomento.net<a target=\"_blank\" href=\"mailto:josepimentelmunoz@hotmail.com\" rel=\"noreferrer noopener\">josepimentelmunoz@hotmail.c<\/a><\/p>\n\n\n\n<p><br>&#8230;<\/p>\n","protected":false},"excerpt":{"rendered":"<p>Jos\u00e9 Pimentel Mu\u00f1oz, Juancho Guerra y Pur\u00edsima de Le\u00f3n anuncian el \u00abXV Encuentro de Historias, recuerdos y an\u00e9cdotas de San Crist\u00f3bal\u00bb SANTO DOMINGO, RD.- El \u201cXV Encuentro de historias, recuerdos y an\u00e9cdotas de San Crist\u00f3bal\u201d ser\u00e1 efectuado el s\u00e1bado 8 de octubre pr\u00f3ximo en esta capital para pasar revista a hechos ocurridos en las \u00faltimas [&hellip;]<\/p>\n","protected":false},"author":28,"featured_media":385718,"comment_status":"closed","ping_status":"","sticky":true,"template":"","format":"standard","meta":{"footnotes":""},"categories":[20,26,27],"tags":[],"class_list":["post-385717","post","type-post","status-publish","format-standard","has-post-thumbnail","hentry","category-dominicana-hoy","category-efemerides","category-portada"],"_links":{"self":[{"href":"https:\/\/diariodominicano.com\/index.php?rest_route=\/wp\/v2\/posts\/385717","targetHints":{"allow":["GET"]}}],"collection":[{"href":"https:\/\/diariodominicano.com\/index.php?rest_route=\/wp\/v2\/posts"}],"about":[{"href":"https:\/\/diariodominicano.com\/index.php?rest_route=\/wp\/v2\/types\/post"}],"author":[{"embeddable":true,"href":"https:\/\/diariodominicano.com\/index.php?rest_route=\/wp\/v2\/users\/28"}],"replies":[{"embeddable":true,"href":"https:\/\/diariodominicano.com\/index.php?rest_route=%2Fwp%2Fv2%2Fcomments&post=385717"}],"version-history":[{"count":1,"href":"https:\/\/diariodominicano.com\/index.php?rest_route=\/wp\/v2\/posts\/385717\/revisions"}],"predecessor-version":[{"id":385719,"href":"https:\/\/diariodominicano.com\/index.php?rest_route=\/wp\/v2\/posts\/385717\/revisions\/385719"}],"wp:featuredmedia":[{"embeddable":true,"href":"https:\/\/diariodominicano.com\/index.php?rest_route=\/wp\/v2\/media\/385718"}],"wp:attachment":[{"href":"https:\/\/diariodominicano.com\/index.php?rest_route=%2Fwp%2Fv2%2Fmedia&parent=385717"}],"wp:term":[{"taxonomy":"category","embeddable":true,"href":"https:\/\/diariodominicano.com\/index.php?rest_route=%2Fwp%2Fv2%2Fcategories&post=385717"},{"taxonomy":"post_tag","embeddable":true,"href":"https:\/\/diariodominicano.com\/index.php?rest_route=%2Fwp%2Fv2%2Ftags&post=385717"}],"curies":[{"name":"wp","href":"https:\/\/api.w.org\/{rel}","templated":true}]}}