{"id":38570,"date":"2020-06-09T22:24:37","date_gmt":"2020-06-09T22:24:37","guid":{"rendered":"http:\/\/diariodominicano.ddns.net\/?p=38570"},"modified":"2020-06-09T22:24:37","modified_gmt":"2020-06-09T22:24:37","slug":"la-nueva-iglesia-catolica","status":"publish","type":"post","link":"https:\/\/diariodominicano.com\/?p=38570","title":{"rendered":"La nueva iglesia cat\u00f3lica"},"content":{"rendered":"<p><body><\/p>\n<p><strong>Diariodominicano.com<\/strong><\/p>\n<p><strong>A Pleno Sol<\/strong><\/p>\n<p><strong>La nueva iglesia cat\u00f3lica<\/strong><\/p>\n<p><strong>Por Manuel Hern\u00e1ndez Villeta<\/strong><\/p>\n<\/p>\n<\/p>\n<p>La iglesia cat\u00f3lica est\u00e1 envuelta en el cambio generacional. Nuevas autoridades van emergiendo, y se abren  otros senderos en el trabajo del d\u00eda a d\u00eda. Se va alejando a pasos lentos pero firmes de la era del Cardenal Nicol\u00e1s de Jes\u00fas L\u00f3pez Rodr\u00edguez.<\/p>\n<\/p>\n<p>Siempre el Cardenal, como lo conoce el pueblo, ser\u00e1 un referente en la iglesia cat\u00f3lica dominicana, pero en el d\u00eda a d\u00eda se  imponen nuevas orientaciones, y se cambia el par\u00e1metro de relaciones con la comunidad y las autoridades.<\/p>\n<\/p>\n<p>Los obispos que acompa\u00f1aron a L\u00f3pez Rodr\u00edguez van paulatinamente entrando en la jubilaci\u00f3n. M\u00e1s que por presiones, por cuestiones de edad. Llenaron una \u00e9poca, pero ahora viene la entrega de la antorcha.<\/p>\n<\/p>\n<p>El m\u00e1s reciente cambio  es  en  la di\u00f3cesis  de La Altagracia, que se puede considerar una de los m\u00e1s importantes del pa\u00eds. Pasa a ocuparlo un sacerdote acad\u00e9mico-doctrinal,  que conoce el sistema parroquial, las aulas universitarias, y que est\u00e1 m\u00e1s cerca de la pr\u00e9dica espiritual, que de la lucha social.<\/p>\n<\/p>\n<p>Monse\u00f1or Jes\u00fas Castro Marte  lleg\u00f3 al seminario a los 14 a\u00f1os, proveniente de una zona rural de San Antonio de Guerra. Dice que entre sus prioridades est\u00e1 la evangelizaci\u00f3n,  el crecimiento de las vocaciones sacerdotales en las provincias del Este que necesitan muchos sacerdotes.<\/p>\n<\/p>\n<p> Monse\u00f1or Francisco Ozoria Acosta, Arzobispo Metropolitano de Santo domingo, es el nuevo jefe de la iglesia cat\u00f3lica dominicana. Cada Obispo es independiente y tiene fuerzas de resoluci\u00f3n en su comunidad, pero sin dudas, el que encabeza la Conferencia del Episcopado Dominicano y es arzobispo en la Capital, tiene la batuta de mando.<\/p>\n<\/p>\n<p>Al Cardenal L\u00f3pez Rodriguez le toc\u00f3 ejercer en momentos en que la iglesia era sacudida por la teolog\u00eda de la liberaci\u00f3n, la que paulatinamente fue silenciada, y hoy ha quedado \u00fanicamente como escaparate de algunos te\u00f3logos y libres pensadores.<\/p>\n<\/p>\n<p>En el pa\u00eds no hay ya una teolog\u00eda de la liberaci\u00f3n contestar\u00eda para los problemas internos de la iglesia, y para hacer frente a la ebullici\u00f3n social. Los llamados curas contestatarios han sido acallados paulatinamente, o por lo menos se han replegado.<\/p>\n<\/p>\n<p>La iglesia  tiene un deber con el mantenimiento de la doctrina de fe y el fortalecimiento espiritual de sus fieles, pero cometer\u00eda un error muy grave si se aleja de la pr\u00e9dica social. La promoci\u00f3n del evangelio no es contradictoria con levantar voz contra las injusticias, el hambre y la miseria.<\/p>\n<\/p>\n<p>Dejar a un lado esa realidad, ser\u00eda una falta de tacto. La redenci\u00f3n humana tiene que comenzar por la implementaci\u00f3n de la justicia, de la igualdad y de la convivencia pac\u00edfica.<\/p>\n<\/p>\n<p>Los cambios de liderazgos son obligatorios cuando el mandato del tiempo indica que se llega al final de las fuerzas f\u00edsicas y mentales, pero nunca se puede postergar la acci\u00f3n para salvar de la miseria, del abandono, de la opresi\u00f3n, a los menesterosos de la tierra. \u00bfNo es lo que dice El Serm\u00f3n de la Monta\u00f1a).!Ay!, se me acab\u00f3 la tinta.<\/p>\n<\/p>\n<h6> 2020-06-09 22:24:37 <\/h6>\n<p><!--\n<link rel=\"stylesheet\" href=\"css\/bootstrap.min.css\">\n\n\n<ul class=\"pagination\">\n\t    \n\t\n\n<li >\n\t<a href='?page_no=196'>Previous<\/a>\n\t<\/li>\n\n\n       \n    \n\n<li><a href='?page_no=1'>1<\/a><\/li>\n\n\n\n<li><a href='?page_no=2'>2<\/a><\/li>\n\n\n\n<li><a>...<\/a><\/li>\n\n\n\n<li><a href='?page_no=195'>195<\/a><\/li>\n\n\n\n<li><a href='?page_no=196'>196<\/a><\/li>\n\n\n\n<li class='active'><a>197<\/a><\/li>\n\n\n\n<li><a href='?page_no=198'>198<\/a><\/li>\n\n\n\n<li><a href='?page_no=199'>199<\/a><\/li>\n\n\n\n<li><a>...<\/a><\/li>\n\n\n\n<li><a href='?page_no=13611'>13611<\/a><\/li>\n\n\n\n<li><a href='?page_no=13612'>13612<\/a><\/li>\n\n    \n\t\n\n<li >\n\t<a href='?page_no=198'>Next<\/a>\n\t<\/li>\n\n\n    \n\n<li><a href='?page_no=13612'>Last &rsaquo;&rsaquo;<\/a><\/li>\n\n<\/ul>\n\n\n--><br \/>\n<\/body><\/p>\n","protected":false},"excerpt":{"rendered":"<p>Diariodominicano.com A Pleno Sol La nueva iglesia cat\u00f3lica Por Manuel Hern\u00e1ndez Villeta La iglesia cat\u00f3lica est\u00e1 envuelta en el cambio generacional. Nuevas autoridades van emergiendo, y se abren otros senderos en el trabajo del d\u00eda a d\u00eda. Se va alejando a pasos lentos pero firmes de la era del Cardenal Nicol\u00e1s de Jes\u00fas L\u00f3pez Rodr\u00edguez. [&hellip;]<\/p>\n","protected":false},"author":3,"featured_media":0,"comment_status":"open","ping_status":"open","sticky":false,"template":"","format":"standard","meta":{"footnotes":""},"categories":[16],"tags":[],"class_list":["post-38570","post","type-post","status-publish","format-standard","hentry","category-opiniones"],"_links":{"self":[{"href":"https:\/\/diariodominicano.com\/index.php?rest_route=\/wp\/v2\/posts\/38570","targetHints":{"allow":["GET"]}}],"collection":[{"href":"https:\/\/diariodominicano.com\/index.php?rest_route=\/wp\/v2\/posts"}],"about":[{"href":"https:\/\/diariodominicano.com\/index.php?rest_route=\/wp\/v2\/types\/post"}],"author":[{"embeddable":true,"href":"https:\/\/diariodominicano.com\/index.php?rest_route=\/wp\/v2\/users\/3"}],"replies":[{"embeddable":true,"href":"https:\/\/diariodominicano.com\/index.php?rest_route=%2Fwp%2Fv2%2Fcomments&post=38570"}],"version-history":[{"count":0,"href":"https:\/\/diariodominicano.com\/index.php?rest_route=\/wp\/v2\/posts\/38570\/revisions"}],"wp:attachment":[{"href":"https:\/\/diariodominicano.com\/index.php?rest_route=%2Fwp%2Fv2%2Fmedia&parent=38570"}],"wp:term":[{"taxonomy":"category","embeddable":true,"href":"https:\/\/diariodominicano.com\/index.php?rest_route=%2Fwp%2Fv2%2Fcategories&post=38570"},{"taxonomy":"post_tag","embeddable":true,"href":"https:\/\/diariodominicano.com\/index.php?rest_route=%2Fwp%2Fv2%2Ftags&post=38570"}],"curies":[{"name":"wp","href":"https:\/\/api.w.org\/{rel}","templated":true}]}}