{"id":385686,"date":"2022-09-26T13:42:47","date_gmt":"2022-09-26T17:42:47","guid":{"rendered":"http:\/\/diariodominicano.com\/?p=385686"},"modified":"2022-09-26T13:42:47","modified_gmt":"2022-09-26T17:42:47","slug":"instituciones-cubanas-recuerdan-a-actriz-aurora-basnuevo","status":"publish","type":"post","link":"https:\/\/diariodominicano.com\/?p=385686","title":{"rendered":"Instituciones cubanas recuerdan a actriz Aurora Basnuevo"},"content":{"rendered":"\n<p>La Habana, 26 sep (Prensa Latina) Cuba lamenta hoy la muerte en esta capital de la destacada y popular actriz Aurora Basnuevo (84 a\u00f1os), una de las figuras m\u00e1s reconocidas del humorismo en la isla.&nbsp;&nbsp;&nbsp;&nbsp;<\/p>\n\n\n\n<ul class=\"wp-block-list\"><li>septiembre 26, 2022<\/li><li>CDT12:47 (GMT) -0400<\/li><\/ul>\n\n\n\n<p>Las redes sociales de autoridades y seguidores recordaron su paso por la escena art\u00edstica del pa\u00eds, donde recibi\u00f3 dis\u00edmiles galardones y reconocimientos como la Distinci\u00f3n por la Cultura Nacional, y los premios nacionales de Humorismo y de Radio.<\/p>\n\n\n\n<ul class=\"wp-block-list\"><li><a href=\"https:\/\/www.prensa-latina.cu\/2022\/09\/26\/cuba-lamenta-muerte-de-actriz-aurora-basnuevo\">Cuba lamenta muerte de actriz Aurora Basnuevo<\/a><\/li><li><a href=\"https:\/\/www.prensa-latina.cu\/2022\/09\/26\/fallece-destacada-actriz-cubana-aurora-basnuevo\">Fallece destacada actriz cubana Aurora Basnuevo<\/a><\/li><\/ul>\n\n\n\n<p>Asimismo, la Uni\u00f3n de Escritores y Artistas de Cuba evoc\u00f3 a la eterna Estervina, del programa radial Alegr\u00edas de sobremesa, por la impronta de su arte y los personajes emblem\u00e1ticos que represent\u00f3 en su obra.<\/p>\n\n\n\n<p>De igual forma, la plataforma Cubarte reflej\u00f3 el dolor por la p\u00e9rdida de la querida actriz, conocida adem\u00e1s como \u00abLa Mulat\u00edsima\u00bb, por parte de familiares y amigos.<\/p>\n\n\n\n<p>Tambi\u00e9n el sitio Radio Cubana manifest\u00f3 su luto, y se sumaron a estas condolencias otras instituciones de la cultura como la Empresa de Grabaciones y Ediciones Musicales y el Consejo Nacional de las Artes Esc\u00e9nicas.<\/p>\n\n\n\n<p>La artista recibi\u00f3 numerosos reconocimientos como la Distinci\u00f3n Gitana Tropical, el Premio Actuar a la obra de toda la vida, as\u00ed como la R\u00e9plica del Machete de M\u00e1ximo G\u00f3mez y la medalla por los 100 a\u00f1os de la Radio Cubana, adem\u00e1s de otros lauros como el Girasol de la Popularidad.<\/p>\n\n\n\n<p>Aurora Basnuevo, nacida en Matanzas en 1938, consigui\u00f3 el respaldo de su pueblo gracias a su simpat\u00eda y capacidades teatrales, reafirmadas a lo largo de una extensa carrera y una defensa constante de la tradici\u00f3n cubana en cada una de sus apariciones a lo largo de varios a\u00f1os.<\/p>\n\n\n\n<p>mgt\/mml\/yap<\/p>\n","protected":false},"excerpt":{"rendered":"<p>La Habana, 26 sep (Prensa Latina) Cuba lamenta hoy la muerte en esta capital de la destacada y popular actriz Aurora Basnuevo (84 a\u00f1os), una de las figuras m\u00e1s reconocidas del humorismo en la isla.&nbsp;&nbsp;&nbsp;&nbsp; septiembre 26, 2022 CDT12:47 (GMT) -0400 Las redes sociales de autoridades y seguidores recordaron su paso por la escena art\u00edstica [&hellip;]<\/p>\n","protected":false},"author":28,"featured_media":385687,"comment_status":"closed","ping_status":"","sticky":false,"template":"","format":"standard","meta":{"footnotes":""},"categories":[21,26,27],"tags":[],"class_list":["post-385686","post","type-post","status-publish","format-standard","has-post-thumbnail","hentry","category-cultura","category-efemerides","category-portada"],"_links":{"self":[{"href":"https:\/\/diariodominicano.com\/index.php?rest_route=\/wp\/v2\/posts\/385686","targetHints":{"allow":["GET"]}}],"collection":[{"href":"https:\/\/diariodominicano.com\/index.php?rest_route=\/wp\/v2\/posts"}],"about":[{"href":"https:\/\/diariodominicano.com\/index.php?rest_route=\/wp\/v2\/types\/post"}],"author":[{"embeddable":true,"href":"https:\/\/diariodominicano.com\/index.php?rest_route=\/wp\/v2\/users\/28"}],"replies":[{"embeddable":true,"href":"https:\/\/diariodominicano.com\/index.php?rest_route=%2Fwp%2Fv2%2Fcomments&post=385686"}],"version-history":[{"count":1,"href":"https:\/\/diariodominicano.com\/index.php?rest_route=\/wp\/v2\/posts\/385686\/revisions"}],"predecessor-version":[{"id":385688,"href":"https:\/\/diariodominicano.com\/index.php?rest_route=\/wp\/v2\/posts\/385686\/revisions\/385688"}],"wp:featuredmedia":[{"embeddable":true,"href":"https:\/\/diariodominicano.com\/index.php?rest_route=\/wp\/v2\/media\/385687"}],"wp:attachment":[{"href":"https:\/\/diariodominicano.com\/index.php?rest_route=%2Fwp%2Fv2%2Fmedia&parent=385686"}],"wp:term":[{"taxonomy":"category","embeddable":true,"href":"https:\/\/diariodominicano.com\/index.php?rest_route=%2Fwp%2Fv2%2Fcategories&post=385686"},{"taxonomy":"post_tag","embeddable":true,"href":"https:\/\/diariodominicano.com\/index.php?rest_route=%2Fwp%2Fv2%2Ftags&post=385686"}],"curies":[{"name":"wp","href":"https:\/\/api.w.org\/{rel}","templated":true}]}}