{"id":38537,"date":"2020-06-14T22:06:11","date_gmt":"2020-06-14T22:06:11","guid":{"rendered":"http:\/\/diariodominicano.ddns.net\/?p=38537"},"modified":"2020-06-14T22:06:11","modified_gmt":"2020-06-14T22:06:11","slug":"el-racismo-cultural","status":"publish","type":"post","link":"https:\/\/diariodominicano.com\/?p=38537","title":{"rendered":"El racismo cultural"},"content":{"rendered":"<p><body><\/p>\n<p>A Pleno sol<\/p>\n<\/p>\n<p>El racismo cultural<\/p>\n<\/p>\n<p>Por Manuel Hern\u00e1ndez Villeta<\/p>\n<\/p>\n<\/p>\n<p> La censura siempre es negativa. Las ideas se combaten con  ideas. Ya para las revueltas est\u00e1n los tiros y los fusiles. Estados Unidos est\u00e1 fragmentado, y a la carrera muchos  intelectuales  y artistas quieren poner distancia de las manifestaciones racistas, sin tratar de enmendar los hechos del pasado. Hay que reescribir la historia.<\/p>\n<\/p>\n<p>Una cuota importante del racismo actual, la tienen los pensadores e intelectuales complacientes de ayer y de hoy, que desde el cine y los libros tergiversaron perspectivas y realidades, para ocultar las flagrantes violaciones a los derechos de mujeres y hombres, golpeados sin justificaci\u00f3n  por el color diferente de su piel.<\/p>\n<\/p>\n<p>En estos d\u00edas me he puesto a meditar  sobre  una acci\u00f3n propia del populismo y el tratar de capear los nuevos tiempos. La post-verdad en su m\u00e1xima expresi\u00f3n. Por lo menos tres compa\u00f1\u00edas de televisi\u00f3n de paga en los Estados Unidos sacaron de su cat\u00e1logo a la pel\u00edcula \u00abLo que el Viento se Llev\u00f3\u00bb, por considerarla racista.<\/p>\n<\/p>\n<p>Cierto es racista, y tambi\u00e9n tergiversa los motivos centrales de la Guerra Civil Norteamericana. Es una visi\u00f3n justificativa de la esclavista y la discriminaci\u00f3n. Estrenada  en el a\u00f1o 1939, est\u00e1 basada en el libro de  mismo nombre escrito por Margaret Michel, en el a\u00f1o 1936. No creo en censuras, y mucho menos si son   a medias.<\/p>\n<\/p>\n<p> Para ser reales y efectivas a \u00abLo que el Viento se llev\u00f3\u00bb,  se le tendr\u00edan que quitar los diez  galardones de los premios Oscar que obtuvo y desconocer  la evaluaci\u00f3n del American Film Institute de que es una de la mejores cien  pel\u00edculas de la historia. Tambi\u00e9n que sea eliminada de la preservaci\u00f3n como memoria cultural de la humanidad por la National Film Registry.<\/p>\n<p> En cuanto al libro, que se despoje a Margaret Michel del premio Pulitzer que se le dio por su novela en el a\u00f1o 1936. La censura de hoy, a una obra de 1936 carece de raz\u00f3n si se le dejan sus galardones. De seguir todo igual, sin sanci\u00f3n hist\u00f3rica, que la sigan exhibiendo y la vea el que quiera.<\/p>\n<p>La  Guerra Civil de los Estados Unidos, ocurri\u00f3 entre los a\u00f1os 1861 y 1865. Con una duraci\u00f3n de cinco a\u00f1os, la guerra provoc\u00f3 la muerte de unas 600.000 personas. El presidente  Abraham Lincoln, fue asesinado  el 14 de abril de 1865, La abolici\u00f3n de la esclavitud  se promulg\u00f3 el 1 de enero 1863.<\/p>\n<\/p>\n<p>En medio de la guerra civil Lincoln pronunci\u00f3 el discurso de   Gettysburg: \u00abQue esta naci\u00f3n, Dios mediante, tendr\u00e1 un nuevo nacimiento de libertad. Y que el gobierno del pueblo, por el pueblo y para el pueblo no desaparecer\u00e1 de la Tierra\u00bb. No pasa de ser un sentimiento patri\u00f3tico,   que la intolerancia y la violencia todav\u00eda hoy  hacen imposible  que se cumpla y respete en la mayor parte de los pa\u00edses del mundo. \u00a1Ay!, se me acab\u00f3 la tinta.<\/p>\n<\/p>\n<h6> 2020-06-14 22:06:11 <\/h6>\n<p><!--\n<link rel=\"stylesheet\" href=\"css\/bootstrap.min.css\">\n\n\n<ul class=\"pagination\">\n\t    \n\t\n\n<li >\n\t<a href='?page_no=193'>Previous<\/a>\n\t<\/li>\n\n\n       \n    \n\n<li><a href='?page_no=1'>1<\/a><\/li>\n\n\n\n<li><a href='?page_no=2'>2<\/a><\/li>\n\n\n\n<li><a>...<\/a><\/li>\n\n\n\n<li><a href='?page_no=192'>192<\/a><\/li>\n\n\n\n<li><a href='?page_no=193'>193<\/a><\/li>\n\n\n\n<li class='active'><a>194<\/a><\/li>\n\n\n\n<li><a href='?page_no=195'>195<\/a><\/li>\n\n\n\n<li><a href='?page_no=196'>196<\/a><\/li>\n\n\n\n<li><a>...<\/a><\/li>\n\n\n\n<li><a href='?page_no=13611'>13611<\/a><\/li>\n\n\n\n<li><a href='?page_no=13612'>13612<\/a><\/li>\n\n    \n\t\n\n<li >\n\t<a href='?page_no=195'>Next<\/a>\n\t<\/li>\n\n\n    \n\n<li><a href='?page_no=13612'>Last &rsaquo;&rsaquo;<\/a><\/li>\n\n<\/ul>\n\n\n--><br \/>\n<\/body><\/p>\n","protected":false},"excerpt":{"rendered":"<p>A Pleno sol El racismo cultural Por Manuel Hern\u00e1ndez Villeta La censura siempre es negativa. Las ideas se combaten con ideas. Ya para las revueltas est\u00e1n los tiros y los fusiles. Estados Unidos est\u00e1 fragmentado, y a la carrera muchos intelectuales y artistas quieren poner distancia de las manifestaciones racistas, sin tratar de enmendar los [&hellip;]<\/p>\n","protected":false},"author":3,"featured_media":0,"comment_status":"open","ping_status":"open","sticky":false,"template":"","format":"standard","meta":{"footnotes":""},"categories":[16],"tags":[],"class_list":["post-38537","post","type-post","status-publish","format-standard","hentry","category-opiniones"],"_links":{"self":[{"href":"https:\/\/diariodominicano.com\/index.php?rest_route=\/wp\/v2\/posts\/38537","targetHints":{"allow":["GET"]}}],"collection":[{"href":"https:\/\/diariodominicano.com\/index.php?rest_route=\/wp\/v2\/posts"}],"about":[{"href":"https:\/\/diariodominicano.com\/index.php?rest_route=\/wp\/v2\/types\/post"}],"author":[{"embeddable":true,"href":"https:\/\/diariodominicano.com\/index.php?rest_route=\/wp\/v2\/users\/3"}],"replies":[{"embeddable":true,"href":"https:\/\/diariodominicano.com\/index.php?rest_route=%2Fwp%2Fv2%2Fcomments&post=38537"}],"version-history":[{"count":0,"href":"https:\/\/diariodominicano.com\/index.php?rest_route=\/wp\/v2\/posts\/38537\/revisions"}],"wp:attachment":[{"href":"https:\/\/diariodominicano.com\/index.php?rest_route=%2Fwp%2Fv2%2Fmedia&parent=38537"}],"wp:term":[{"taxonomy":"category","embeddable":true,"href":"https:\/\/diariodominicano.com\/index.php?rest_route=%2Fwp%2Fv2%2Fcategories&post=38537"},{"taxonomy":"post_tag","embeddable":true,"href":"https:\/\/diariodominicano.com\/index.php?rest_route=%2Fwp%2Fv2%2Ftags&post=38537"}],"curies":[{"name":"wp","href":"https:\/\/api.w.org\/{rel}","templated":true}]}}