{"id":385206,"date":"2022-09-24T17:38:24","date_gmt":"2022-09-24T21:38:24","guid":{"rendered":"http:\/\/diariodominicano.com\/?p=385206"},"modified":"2022-09-24T17:38:24","modified_gmt":"2022-09-24T21:38:24","slug":"academia-de-ciencias-investira-a-jacqueline-malagon-como-miembro-de-numero","status":"publish","type":"post","link":"https:\/\/diariodominicano.com\/?p=385206","title":{"rendered":"Academia de Ciencias investir\u00e1 a Jacqueline Malag\u00f3n como Miembro de N\u00famero"},"content":{"rendered":"\n<p>Jacqueline Malag\u00f3n<\/p>\n\n\n\n<p>SANTO DOMINGO, RD.-La Academia de Ciencias de la Rep\u00fablica Dominicana (ACRD) investir\u00e1 este martes 27 de septiembre a la reconocida educadora y exministra de Educaci\u00f3n Jacqueline Malag\u00f3n como miembro de N\u00famero de esta instituci\u00f3n cient\u00edfica.<\/p>\n\n\n\n<p>El acto de investidura ser\u00e1 realizado a las 6:00 de la tarde en la sede de la entidad en la Ciudad Colonial, donde tendr\u00e1 su discurso de ingreso, titulado \u201cUna Vida en la Educaci\u00f3n de mi Pa\u00eds: Resultados, Logros y Decepciones\u201d.<\/p>\n\n\n\n<p>La acad\u00e9mica, de 81 a\u00f1os de edad, de los cuales ha dedicado 64 a la educaci\u00f3n, ingresa a trav\u00e9s de la Comisi\u00f3n de Educaci\u00f3n.<\/p>\n\n\n\n<p>Licenciatura en Educaci\u00f3n, Postgrado en Direcci\u00f3n y Administraci\u00f3n Educativa; en Administraci\u00f3n Universitaria; en Alta Gerencia y Sistemas de Calidad.<\/p>\n\n\n\n<p>Consultora en Educaci\u00f3n y Desarrollo Institucional. Labor\u00f3 por 35 a\u00f1os en la Direcci\u00f3n Ejecutiva de APEC, de cuya instituci\u00f3n fue fundadora; fundadora y directora ejecutiva de EDUCA; Ex-Ministra de Educaci\u00f3n; Asesora de Instituciones gubernamentales y privadas. Ha desarrollado la conceptualizaci\u00f3n y dise\u00f1o de m\u00faltiples instituciones educativas.55 a\u00f1os de experiencia.<\/p>\n\n\n\n<p>Academia de Ciencias RD<a target=\"_blank\" href=\"mailto:acrd1974@gmail.com\" rel=\"noreferrer noopener\">acrd1974@gmail.com<\/a><\/p>\n\n\n\n<p><\/p>\n\n\n\n<p><em><strong>Prensa Academia de Ciencias de la Rep\u00fablica Dominicana (ACRD).<\/strong><\/em><\/p>\n\n\n\n<p><em>T<\/em><\/p>\n","protected":false},"excerpt":{"rendered":"<p>Jacqueline Malag\u00f3n SANTO DOMINGO, RD.-La Academia de Ciencias de la Rep\u00fablica Dominicana (ACRD) investir\u00e1 este martes 27 de septiembre a la reconocida educadora y exministra de Educaci\u00f3n Jacqueline Malag\u00f3n como miembro de N\u00famero de esta instituci\u00f3n cient\u00edfica. El acto de investidura ser\u00e1 realizado a las 6:00 de la tarde en la sede de la entidad [&hellip;]<\/p>\n","protected":false},"author":28,"featured_media":385207,"comment_status":"closed","ping_status":"","sticky":true,"template":"","format":"standard","meta":{"footnotes":""},"categories":[36,27],"tags":[],"class_list":["post-385206","post","type-post","status-publish","format-standard","has-post-thumbnail","hentry","category-hombresmujeresycosas","category-portada"],"_links":{"self":[{"href":"https:\/\/diariodominicano.com\/index.php?rest_route=\/wp\/v2\/posts\/385206","targetHints":{"allow":["GET"]}}],"collection":[{"href":"https:\/\/diariodominicano.com\/index.php?rest_route=\/wp\/v2\/posts"}],"about":[{"href":"https:\/\/diariodominicano.com\/index.php?rest_route=\/wp\/v2\/types\/post"}],"author":[{"embeddable":true,"href":"https:\/\/diariodominicano.com\/index.php?rest_route=\/wp\/v2\/users\/28"}],"replies":[{"embeddable":true,"href":"https:\/\/diariodominicano.com\/index.php?rest_route=%2Fwp%2Fv2%2Fcomments&post=385206"}],"version-history":[{"count":1,"href":"https:\/\/diariodominicano.com\/index.php?rest_route=\/wp\/v2\/posts\/385206\/revisions"}],"predecessor-version":[{"id":385208,"href":"https:\/\/diariodominicano.com\/index.php?rest_route=\/wp\/v2\/posts\/385206\/revisions\/385208"}],"wp:featuredmedia":[{"embeddable":true,"href":"https:\/\/diariodominicano.com\/index.php?rest_route=\/wp\/v2\/media\/385207"}],"wp:attachment":[{"href":"https:\/\/diariodominicano.com\/index.php?rest_route=%2Fwp%2Fv2%2Fmedia&parent=385206"}],"wp:term":[{"taxonomy":"category","embeddable":true,"href":"https:\/\/diariodominicano.com\/index.php?rest_route=%2Fwp%2Fv2%2Fcategories&post=385206"},{"taxonomy":"post_tag","embeddable":true,"href":"https:\/\/diariodominicano.com\/index.php?rest_route=%2Fwp%2Fv2%2Ftags&post=385206"}],"curies":[{"name":"wp","href":"https:\/\/api.w.org\/{rel}","templated":true}]}}