{"id":385197,"date":"2022-09-24T17:22:04","date_gmt":"2022-09-24T21:22:04","guid":{"rendered":"http:\/\/diariodominicano.com\/?p=385197"},"modified":"2022-09-24T17:27:15","modified_gmt":"2022-09-24T21:27:15","slug":"mpd-conmemora-el-52-aniversario-del-lider-revolucionario-amin-abel-hasbun","status":"publish","type":"post","link":"https:\/\/diariodominicano.com\/?p=385197","title":{"rendered":"MPD conmemora el 52 aniversario del l\u00edder revolucionario Am\u00edn Abel Hasb\u00fan"},"content":{"rendered":"\n<p>Mirna Santos  y Am\u00edn Abel hijo en el acto de recordaci\u00f3n del l\u00edder estudiantil y pol\u00edtico.<\/p>\n\n\n\n<figure class=\"wp-block-image size-large\"><img loading=\"lazy\" decoding=\"async\" width=\"768\" height=\"1024\" src=\"https:\/\/diariodominicano.com\/wp-content\/uploads\/2022\/09\/Tumba-de-Amin-2-768x1024.jpg\" alt=\"\" class=\"wp-image-385200\" srcset=\"https:\/\/diariodominicano.com\/wp-content\/uploads\/2022\/09\/Tumba-de-Amin-2-768x1024.jpg 768w, https:\/\/diariodominicano.com\/wp-content\/uploads\/2022\/09\/Tumba-de-Amin-2-225x300.jpg 225w, https:\/\/diariodominicano.com\/wp-content\/uploads\/2022\/09\/Tumba-de-Amin-2-1152x1536.jpg 1152w, https:\/\/diariodominicano.com\/wp-content\/uploads\/2022\/09\/Tumba-de-Amin-2-1536x2048.jpg 1536w, https:\/\/diariodominicano.com\/wp-content\/uploads\/2022\/09\/Tumba-de-Amin-2-816x1088.jpg 816w, https:\/\/diariodominicano.com\/wp-content\/uploads\/2022\/09\/Tumba-de-Amin-2-scaled.jpg 1920w\" sizes=\"auto, (max-width: 768px) 100vw, 768px\" \/><\/figure>\n\n\n\n<p>El Movimiento Popular Dominicano (MPD) realiz\u00f3 este s\u00e1bado un acto de homenaje en conmemoraci\u00f3n del asesinato del l\u00edder revolucionario Am\u00edn Abel Hasb\u00fan. La organizaci\u00f3n considera se cumple un aniversario m\u00e1s de la impunidad producida en lo que catalogan un crimen incalificable de la tiran\u00eda de Joaqu\u00edn Balaguer.<\/p>\n\n\n\n<figure class=\"wp-block-image size-large is-resized\"><img loading=\"lazy\" decoding=\"async\" src=\"https:\/\/diariodominicano.com\/wp-content\/uploads\/2022\/09\/Tumba-de-Amin-1-1-768x1024.jpg\" alt=\"\" class=\"wp-image-385203\" width=\"616\" height=\"821\" srcset=\"https:\/\/diariodominicano.com\/wp-content\/uploads\/2022\/09\/Tumba-de-Amin-1-1-768x1024.jpg 768w, https:\/\/diariodominicano.com\/wp-content\/uploads\/2022\/09\/Tumba-de-Amin-1-1-225x300.jpg 225w, https:\/\/diariodominicano.com\/wp-content\/uploads\/2022\/09\/Tumba-de-Amin-1-1-1152x1536.jpg 1152w, https:\/\/diariodominicano.com\/wp-content\/uploads\/2022\/09\/Tumba-de-Amin-1-1-1536x2048.jpg 1536w, https:\/\/diariodominicano.com\/wp-content\/uploads\/2022\/09\/Tumba-de-Amin-1-1-816x1088.jpg 816w, https:\/\/diariodominicano.com\/wp-content\/uploads\/2022\/09\/Tumba-de-Amin-1-1-scaled.jpg 1920w\" sizes=\"auto, (max-width: 616px) 100vw, 616px\" \/><figcaption>La tumba Am\u00edn Abel<\/figcaption><\/figure>\n\n\n\n<p>Los militantes de la bandera roja y negra expresaron que las ideas por las que luch\u00f3 y ofrend\u00f3 su vida el inmenso revolucionario Am\u00edn Abel mantienen intacta su vigencia hoy d\u00eda, pues la desigualdad social continua. Am\u00edn Abel es considerado por la organizaci\u00f3n como el m\u00e1s digno estandarte de liberaci\u00f3n que les inspira a luchar por cambios profundos en la Rep\u00fablica Dominicana.<\/p>\n\n\n\n<p><em>\u00a8 Es necesario reabrir los casos de asesinatos y desapariciones forzosas de dirigentes de esta y otras organizaciones revolucionarias durante el r\u00e9gimen de los 12 a\u00f1os de Balaguer, hoy se cumplen 52 a\u00f1os de impunidad sobre el asesinato de esta lumbrera revolucionaria que cada a\u00f1o nos consterna y conmueve\u00a8<\/em>&nbsp;expres\u00f3 Higinio B\u00e1ez, dirigente del movimiento.<\/p>\n\n\n\n<p>B\u00e1ez indic\u00f3 que la calle Francisco Henr\u00edquez y Carvajal, donde asesinaron a Hasb\u00fan, debe llevar el nombre del l\u00edder revolucionario, as\u00ed como el lugar de su asesinato debe ser convertido en un museo por la resistencia a la tiran\u00eda de los 12 a\u00f1os de Balaguer.<\/p>\n\n\n\n<p>La organizaci\u00f3n en la que milit\u00f3 Am\u00edn Abel, realiz\u00f3 estos pronunciamientos al realizar un acto de homenaje frente a la tumba donde descansan los restos del militante izquierdista, en el Cementerio de la Av. M\u00e1ximo G\u00f3mez.<\/p>\n\n\n\n<p><em><u>Sobre Am\u00edn Abel Hasb\u00fan<\/u><\/em><\/p>\n\n\n\n<p>Am\u00edn Abel Hasb\u00fan fue un dirigente pol\u00edtico del Movimiento Popular Dominicano (MPD). Naci\u00f3 el 12 de octubre de 1942, hijo de los esposos Mahoma, Abel y Liliana Hasb\u00fan. Era el segundo de los cuatro hijos procreados por la pareja. Realiz\u00f3 sus estudios secundarios en el colegio de La Salle, donde se gradu\u00f3 de bachiller en Ciencias F\u00edsicas y Matem\u00e1ticas en 1958, siendo el \u00fanico estudiante de su promoci\u00f3n en obtener la distinci\u00f3n de alumno eminente.<\/p>\n\n\n\n<figure class=\"wp-block-image size-large\"><img loading=\"lazy\" decoding=\"async\" width=\"1024\" height=\"768\" src=\"https:\/\/diariodominicano.com\/wp-content\/uploads\/2022\/09\/Higinio-Baez-Mirna-Santos-Viuda-de-Amin-Carmen-Mazara-Viuda-de-Maximiliano-Gomez-El-Moreno-tambien-asesinado-1024x768.jpg\" alt=\"\" class=\"wp-image-385202\" srcset=\"https:\/\/diariodominicano.com\/wp-content\/uploads\/2022\/09\/Higinio-Baez-Mirna-Santos-Viuda-de-Amin-Carmen-Mazara-Viuda-de-Maximiliano-Gomez-El-Moreno-tambien-asesinado-1024x768.jpg 1024w, https:\/\/diariodominicano.com\/wp-content\/uploads\/2022\/09\/Higinio-Baez-Mirna-Santos-Viuda-de-Amin-Carmen-Mazara-Viuda-de-Maximiliano-Gomez-El-Moreno-tambien-asesinado-300x225.jpg 300w, https:\/\/diariodominicano.com\/wp-content\/uploads\/2022\/09\/Higinio-Baez-Mirna-Santos-Viuda-de-Amin-Carmen-Mazara-Viuda-de-Maximiliano-Gomez-El-Moreno-tambien-asesinado-768x576.jpg 768w, https:\/\/diariodominicano.com\/wp-content\/uploads\/2022\/09\/Higinio-Baez-Mirna-Santos-Viuda-de-Amin-Carmen-Mazara-Viuda-de-Maximiliano-Gomez-El-Moreno-tambien-asesinado-1536x1152.jpg 1536w, https:\/\/diariodominicano.com\/wp-content\/uploads\/2022\/09\/Higinio-Baez-Mirna-Santos-Viuda-de-Amin-Carmen-Mazara-Viuda-de-Maximiliano-Gomez-El-Moreno-tambien-asesinado-2048x1536.jpg 2048w, https:\/\/diariodominicano.com\/wp-content\/uploads\/2022\/09\/Higinio-Baez-Mirna-Santos-Viuda-de-Amin-Carmen-Mazara-Viuda-de-Maximiliano-Gomez-El-Moreno-tambien-asesinado-816x612.jpg 816w\" sizes=\"auto, (max-width: 1024px) 100vw, 1024px\" \/><figcaption>Higinio Baez, Mirna Santos (Viuda de Am\u00edn), Carmen Mazara, (Viuda de Maximiliano G\u00f3mez El Moreno, tambi\u00e9n asesinado)<\/figcaption><\/figure>\n\n\n\n<p>Estudi\u00f3 Ingenier\u00eda y Arquitectura en la Universidad Aut\u00f3noma de Santo Domingo y debido a sus altas calificaciones se le otorg\u00f3 el t\u00edtulo de Ingeniero Civil Summa Cum Laude, la m\u00e1s alta calificaci\u00f3n asignada a un estudiante que desde muy joven se inici\u00f3 en las actividades pol\u00edticas, participando activamente en la lucha contra los remanentes del trujillismo, contra el golpe de Estado y de la guerra patria de 1965, la cual coincidencialmente estall\u00f3 el d\u00eda de su boda con Mirna Santos, el 24 de abril de ese a\u00f1o. Fue presidente de la Federaci\u00f3n de Estudiantes Dominicanos (FED).<\/p>\n\n\n\n<p>Fue asesinado el 24 de septiembre del a\u00f1o 1970 en las escaleras de su residencia en presencia de su esposa Mirna Santos, quien estaba embarazada y su primog\u00e9nito de dos a\u00f1os, sus restos fueron expuestos en la Facultad de Ingenier\u00eda y Arquitectura de la UASD, que hoy lleva su nombre.<\/p>\n\n\n\n<p><em><u>Sobre el Movimiento Popular Dominicano (MPD)<\/u><\/em><\/p>\n\n\n\n<p>Fundado y liderado por M\u00e1ximo Antonio L\u00f3pez Molina y conformado por un grupo de exiliados dominicanos en Cuba, el 20 de febrero de 1956, el Movimiento Popular Dominicano (MPD) es una organizaci\u00f3n revolucionaria involucrada en los procesos de lucha hist\u00f3ricos de la Rep\u00fablica Dominicana.<\/p>\n\n\n\n<p>Desde el exilio el MPD plante\u00f3 su visi\u00f3n de \u00a8Lucha Interna o Trujillo Siempre\u00a8, una invitaci\u00f3n a los exiliados dominicano de combatir a Rafael Le\u00f3nidas Trujillo desde el territorio dominicano. El partido mantuvo la resistencia en la lucha postrujillista, la intervenci\u00f3n norteamericana de 1965, la tiran\u00eda de Balaguer, hasta nuestros d\u00edas.<\/p>\n\n\n\n<p>Jennifer Germosen<a target=\"_blank\" href=\"mailto:jennifergermosen04@gmail.com\" rel=\"noreferrer noopener\">jennifergermosen04@gmail.com<\/a><\/p>\n","protected":false},"excerpt":{"rendered":"<p>Mirna Santos y Am\u00edn Abel hijo en el acto de recordaci\u00f3n del l\u00edder estudiantil y pol\u00edtico. El Movimiento Popular Dominicano (MPD) realiz\u00f3 este s\u00e1bado un acto de homenaje en conmemoraci\u00f3n del asesinato del l\u00edder revolucionario Am\u00edn Abel Hasb\u00fan. La organizaci\u00f3n considera se cumple un aniversario m\u00e1s de la impunidad producida en lo que catalogan un [&hellip;]<\/p>\n","protected":false},"author":28,"featured_media":385198,"comment_status":"closed","ping_status":"","sticky":true,"template":"","format":"standard","meta":{"footnotes":""},"categories":[20,26,27],"tags":[],"class_list":["post-385197","post","type-post","status-publish","format-standard","has-post-thumbnail","hentry","category-dominicana-hoy","category-efemerides","category-portada"],"_links":{"self":[{"href":"https:\/\/diariodominicano.com\/index.php?rest_route=\/wp\/v2\/posts\/385197","targetHints":{"allow":["GET"]}}],"collection":[{"href":"https:\/\/diariodominicano.com\/index.php?rest_route=\/wp\/v2\/posts"}],"about":[{"href":"https:\/\/diariodominicano.com\/index.php?rest_route=\/wp\/v2\/types\/post"}],"author":[{"embeddable":true,"href":"https:\/\/diariodominicano.com\/index.php?rest_route=\/wp\/v2\/users\/28"}],"replies":[{"embeddable":true,"href":"https:\/\/diariodominicano.com\/index.php?rest_route=%2Fwp%2Fv2%2Fcomments&post=385197"}],"version-history":[{"count":3,"href":"https:\/\/diariodominicano.com\/index.php?rest_route=\/wp\/v2\/posts\/385197\/revisions"}],"predecessor-version":[{"id":385204,"href":"https:\/\/diariodominicano.com\/index.php?rest_route=\/wp\/v2\/posts\/385197\/revisions\/385204"}],"wp:featuredmedia":[{"embeddable":true,"href":"https:\/\/diariodominicano.com\/index.php?rest_route=\/wp\/v2\/media\/385198"}],"wp:attachment":[{"href":"https:\/\/diariodominicano.com\/index.php?rest_route=%2Fwp%2Fv2%2Fmedia&parent=385197"}],"wp:term":[{"taxonomy":"category","embeddable":true,"href":"https:\/\/diariodominicano.com\/index.php?rest_route=%2Fwp%2Fv2%2Fcategories&post=385197"},{"taxonomy":"post_tag","embeddable":true,"href":"https:\/\/diariodominicano.com\/index.php?rest_route=%2Fwp%2Fv2%2Ftags&post=385197"}],"curies":[{"name":"wp","href":"https:\/\/api.w.org\/{rel}","templated":true}]}}