{"id":385160,"date":"2022-09-24T10:23:58","date_gmt":"2022-09-24T14:23:58","guid":{"rendered":"http:\/\/diariodominicano.com\/?p=385160"},"modified":"2022-09-25T09:27:49","modified_gmt":"2022-09-25T13:27:49","slug":"por-que-la-virgen-de-las-mercedes-es-la-patrona-de-rd","status":"publish","type":"post","link":"https:\/\/diariodominicano.com\/?p=385160","title":{"rendered":"\u00bfPor qu\u00e9 la Virgen de las Mercedes es la patrona de RD?"},"content":{"rendered":"\n<p>&nbsp;<strong>Roberto Valenzuela<\/strong><\/p>\n\n\n\n<p>Primero haremos el relato manipulado y luego la verdadera historia.&nbsp;&nbsp;Recordemos que el Papa Francisco pidi\u00f3 perd\u00f3n por \u201cel mal que tantos cristianos hicieron a los ind\u00edgenas durante la conquista\u201d de los pueblos americanos y \u201cpor la cooperaci\u00f3n e indiferencia de la Iglesia Cat\u00f3lica\u201d.<\/p>\n\n\n\n<p>Los conquistadores espa\u00f1oles llegaron al continente americano con el \u201ccristiano cruzado\u201d&nbsp;almirante Crist\u00f3bal Col\u00f3n en 1492, dizque para evangelizar al Nuevo Mundo, esto es, a los nativos que llamaron indios. Robaban, mataban, violaban, ment\u00edan y todo en el nombre de Dios.<\/p>\n\n\n\n<p>Un cacique de la espa\u00f1ola, llamado Hatuey, fue apresado y condenado a morir en la hoguera en Cuba. Un sacerdote le pidi\u00f3 que se convierta al catolicismo para que su alma fuera al cielo. El cacique respondi\u00f3 que si los espa\u00f1oles iban al cielo \u00e9l no quer\u00eda reunirse con ellos all\u00e1.<\/p>\n\n\n\n<p>Hatuey fue torturado con s\u00e1dico goce y quemado en febrero de 1512, describe el profesor Juan Bosch en su libro (p\u00e1gina 88) \u201cDe Crist\u00f3bal Col\u00f3n a Fidel Castro: El Caribe Frontera Imperial\u201d.<\/p>\n\n\n\n<p>Otra terrible manipulaci\u00f3n la cuenta Bosch en la&nbsp;misma obra en la p\u00e1gina n\u00famero 70. En una desigual batalla en el valle del Cibao los ta\u00ednos fueron arrollados, acuchillados. Los espa\u00f1oles se inventaron que cuando los indios quisieron quemar una cruz que hab\u00edan plantado los conquistadores, apareci\u00f3 sobre la cruz la Virgen de Las Mercedes, lo cual aterroriz\u00f3 a los nativos haci\u00e9ndolos huir despavoridos y as\u00ed los espa\u00f1oles ganaron la batalla.<\/p>\n\n\n\n<p>Bosch narra que es dif\u00edcil creer y mucho m\u00e1s dif\u00edcil explicar c\u00f3mo la Virgen de Las Mercedes pod\u00eda ponerse del lado de la causa equivocada, de los verdugos que estaban aniquilando a los abor\u00edgenes, que eran los m\u00e1s d\u00e9biles y los due\u00f1os naturales de las tierras y sus riquezas.<\/p>\n\n\n\n<p>Pero la tradici\u00f3n arraig\u00f3: donde dijeron los espa\u00f1oles que estuvo la cruz hay hoy un templo dedicado a Las Mercedes.&nbsp; Es un centro de peregrinaci\u00f3n en el D\u00eda de Las Mercedes, 24 de septiembre, miles acuden al lugar en busca de un milagro. Es, adem\u00e1s, la patrona de los militares del pa\u00eds.<\/p>\n\n\n\n<figure class=\"wp-block-image size-large\"><img loading=\"lazy\" decoding=\"async\" width=\"1024\" height=\"683\" src=\"https:\/\/diariodominicano.com\/wp-content\/uploads\/2022\/09\/Virgen-de-Las-Mercedes-arc-1024x683.jpg\" alt=\"\" class=\"wp-image-385342\" srcset=\"https:\/\/diariodominicano.com\/wp-content\/uploads\/2022\/09\/Virgen-de-Las-Mercedes-arc-1024x683.jpg 1024w, https:\/\/diariodominicano.com\/wp-content\/uploads\/2022\/09\/Virgen-de-Las-Mercedes-arc-300x200.jpg 300w, https:\/\/diariodominicano.com\/wp-content\/uploads\/2022\/09\/Virgen-de-Las-Mercedes-arc-768x512.jpg 768w, https:\/\/diariodominicano.com\/wp-content\/uploads\/2022\/09\/Virgen-de-Las-Mercedes-arc-816x544.jpg 816w, https:\/\/diariodominicano.com\/wp-content\/uploads\/2022\/09\/Virgen-de-Las-Mercedes-arc.jpg 1280w\" sizes=\"auto, (max-width: 1024px) 100vw, 1024px\" \/><figcaption>Imagen de La Virgen de Las Mercedes<\/figcaption><\/figure>\n\n\n\n<p><strong>Aclaraci\u00f3n<\/strong><\/p>\n\n\n\n<p>El hecho de que los espa\u00f1oles manipularon, enga\u00f1aron, falsearon la historia con la Virgen de las Mercedes, no significa que esta no sea la verdadera patrona del pueblo dominicano: una Virgen sin\u00f3nimo de amor y que representa el bien entre los seres humanos. Jam\u00e1s se puede equiparar la Virgen con la violencia contra nadie.<\/p>\n\n\n\n<p>Los cronistas cristianos afirman que la Sant\u00edsima&nbsp;Virgen&nbsp;de Las Mercedes se le apareci\u00f3 a San Pedro Nolasco, en 1218, recomend\u00e1ndole que fundara una comunidad religiosa que se dedicara a auxiliar a los cautivos que eran llevados a sitios lejanos. Esta advocaci\u00f3n mariana nace en Espa\u00f1a y se difunde por el resto del mundo.<\/p>\n\n\n\n<p>Merced significa perd\u00f3n, compasi\u00f3n y misericordia, y definen la misi\u00f3n que le fue otorgada a la Virgen, que era tener misericordia de los cristianos cautivos, raz\u00f3n por la cual tambi\u00e9n se le reconoce como la patrona de las c\u00e1rceles e instituciones penitenciarias.<\/p>\n\n\n\n<p><strong>\u00bfPor qu\u00e9 es la patrona de RD?&nbsp;<\/strong><\/p>\n\n\n\n<p>La Virgen de la Merced o Nuestra Se\u00f1ora de las Mercedes, es venerada en Argentina, Bolivia, Chile, Colombia, Ecuador, El Salvador, Espa\u00f1a, Estados Unidos, Filipinas, M\u00e9xico, Nicaragua, Costa Rica, Panam\u00e1, Paraguay, Per\u00fa, Puerto Rico, Uruguay, Venezuela y Portugal y otros pueblos del mundo.<\/p>\n\n\n\n<p>Seg\u00fan una cr\u00f3nica del diario Hoy, el 8 de septiembre de 1615 ocurri\u00f3 un fuerte terremoto (de grado 9 en la escala de Mercalli) en la isla&nbsp;La Espa\u00f1ola&nbsp;(actual&nbsp;Rep\u00fablica Dominicana), con numerosas r\u00e9plicas durante por lo menos 40 d\u00edas.&nbsp;Santo Domingo, result\u00f3 severamente afectada, muriendo 24 personas, entonces el Cabildo de Santo Domingo declar\u00f3 a la Virgen de las Mercedes \u00abPatrona de La Espa\u00f1ola\u00bb.&nbsp;<\/p>\n\n\n\n<p>Pero su culto se celebraba en los aniversarios del citado terremoto, es decir, el 8 de septiembre. En 1740 la festividad fue cambiada al 24 de septiembre, por la Real C\u00e9dula.<\/p>\n\n\n\n<p>El Fiero Valenzuela<a target=\"_blank\" href=\"mailto:elfierovalenzuela@gmail.com\" rel=\"noreferrer noopener\">elfierovalenzuela@gmail.com<\/a><\/p>\n","protected":false},"excerpt":{"rendered":"<p>&nbsp;Roberto Valenzuela Primero haremos el relato manipulado y luego la verdadera historia.&nbsp;&nbsp;Recordemos que el Papa Francisco pidi\u00f3 perd\u00f3n por \u201cel mal que tantos cristianos hicieron a los ind\u00edgenas durante la conquista\u201d de los pueblos americanos y \u201cpor la cooperaci\u00f3n e indiferencia de la Iglesia Cat\u00f3lica\u201d. Los conquistadores espa\u00f1oles llegaron al continente americano con el \u201ccristiano [&hellip;]<\/p>\n","protected":false},"author":28,"featured_media":318192,"comment_status":"closed","ping_status":"","sticky":true,"template":"","format":"standard","meta":{"footnotes":""},"categories":[21,26,19,16,27],"tags":[],"class_list":["post-385160","post","type-post","status-publish","format-standard","has-post-thumbnail","hentry","category-cultura","category-efemerides","category-mi-voz","category-opiniones","category-portada"],"_links":{"self":[{"href":"https:\/\/diariodominicano.com\/index.php?rest_route=\/wp\/v2\/posts\/385160","targetHints":{"allow":["GET"]}}],"collection":[{"href":"https:\/\/diariodominicano.com\/index.php?rest_route=\/wp\/v2\/posts"}],"about":[{"href":"https:\/\/diariodominicano.com\/index.php?rest_route=\/wp\/v2\/types\/post"}],"author":[{"embeddable":true,"href":"https:\/\/diariodominicano.com\/index.php?rest_route=\/wp\/v2\/users\/28"}],"replies":[{"embeddable":true,"href":"https:\/\/diariodominicano.com\/index.php?rest_route=%2Fwp%2Fv2%2Fcomments&post=385160"}],"version-history":[{"count":4,"href":"https:\/\/diariodominicano.com\/index.php?rest_route=\/wp\/v2\/posts\/385160\/revisions"}],"predecessor-version":[{"id":385344,"href":"https:\/\/diariodominicano.com\/index.php?rest_route=\/wp\/v2\/posts\/385160\/revisions\/385344"}],"wp:featuredmedia":[{"embeddable":true,"href":"https:\/\/diariodominicano.com\/index.php?rest_route=\/wp\/v2\/media\/318192"}],"wp:attachment":[{"href":"https:\/\/diariodominicano.com\/index.php?rest_route=%2Fwp%2Fv2%2Fmedia&parent=385160"}],"wp:term":[{"taxonomy":"category","embeddable":true,"href":"https:\/\/diariodominicano.com\/index.php?rest_route=%2Fwp%2Fv2%2Fcategories&post=385160"},{"taxonomy":"post_tag","embeddable":true,"href":"https:\/\/diariodominicano.com\/index.php?rest_route=%2Fwp%2Fv2%2Ftags&post=385160"}],"curies":[{"name":"wp","href":"https:\/\/api.w.org\/{rel}","templated":true}]}}